{"id":17916,"date":"2020-05-05T12:15:52","date_gmt":"2020-05-05T16:15:52","guid":{"rendered":"http:\/\/teamsters.ca\/?p=17916"},"modified":"2020-05-05T12:32:29","modified_gmt":"2020-05-05T16:32:29","slug":"la-sante-mentale-plus-importante-que-jamais","status":"publish","type":"post","link":"https:\/\/teamsters.ca\/fr\/blog\/2020\/05\/05\/la-sante-mentale-plus-importante-que-jamais\/","title":{"rendered":"La sant\u00e9 mentale plus importante que jamais"},"content":{"rendered":"\n<p>Les statistiques ne mentent pas. Selon la Commission de la sant\u00e9 mentale du Canada, le co\u00fbt annuel des enjeux en maladie mentale s\u2019\u00e9l\u00e8vent \u00e0 51&nbsp;milliards de dollars \u00e0 l\u2019\u00e9chelle nationale, alors qu\u2019un Canadien sur cinq sera touch\u00e9 par un probl\u00e8me de sant\u00e9 mentale au cours de sa vie.&nbsp;<\/p>\n\n\n\n<p>Quelque 30&nbsp;% des demandes de prestations d\u2019invalidit\u00e9 ont trait \u00e0 des maladies mentales et \u00e0 des probl\u00e8mes de sant\u00e9 mentale. En 2011, ces enjeux ont entra\u00een\u00e9 pour les employeurs des co\u00fbts de plus de 6 milliards $ en perte de productivit\u00e9 li\u00e9e \u00e0 l\u2019absent\u00e9isme, au pr\u00e9sent\u00e9isme et au roulement de personnel.&nbsp;<\/p>\n\n\n\n<p>Malgr\u00e9 l\u2019ampleur du probl\u00e8me, on continue d\u2019observer une importante stigmatisation de la maladie mentale et des probl\u00e8mes connexes. C\u2019est pourquoi le syndicat des Teamsters estime qu\u2019il est b\u00e9n\u00e9fique pour tous et toutes de parler ouvertement de ces questions et d\u2019am\u00e9nager des lieux de travail plus sains et plus inclusifs.&nbsp;<\/p>\n\n\n\n<p>Avec la pand\u00e9mie de COVID-19, la sant\u00e9 mentale doit \u00eatre, plus que jamais, au centre des pr\u00e9occupations des syndicats, des entreprises et des gouvernements.<\/p>\n\n\n\n<p>Les ressources doivent \u00eatre mises en place pour aider tous les travailleurs-euses et l\u2019ensemble des citoyens-ennes \u00e0 faire face aux maladies mentales.<\/p>\n\n\n\n<p><strong>Liste de ressources utiles\u00a0:<\/strong><\/p>\n\n\n\n<p>Obligatoire : une initiative en sant\u00e9 mentale de : <a rel=\"noreferrer noopener\" aria-label=\"https:\/\/teamsters.ca\/fr\/santementale\/ (opens in a new tab)\" href=\"https:\/\/teamsters.ca\/fr\/santementale\/\" target=\"_blank\">https:\/\/teamsters.ca\/fr\/santementale\/<\/a><\/p>\n\n\n\n<p>Centre de ressources en sant\u00e9 mentale du CTC :<br><a href=\"http:\/\/congresdutravail.ca\/uncategorized\/ressources-en-sante-mentale\/\" target=\"_blank\" rel=\"noreferrer noopener\" aria-label=\" (opens in a new tab)\">http:\/\/congresdutravail.ca\/uncategorized\/ressources-en-sante-mentale\/<\/a><\/p>\n\n\n\n<p>Association canadienne pour la sant\u00e9 mentale&nbsp;<br><a href=\"http:\/\/mentalhealthweek.ca\/fr\/trousse-doutils\/\" target=\"_blank\" rel=\"noreferrer noopener\" aria-label=\" (opens in a new tab)\">http:\/\/mentalhealthweek.ca\/fr\/trousse-doutils\/<\/a><\/p>\n\n\n\n<p>Centre canadien d\u2019hygi\u00e8ne et de s\u00e9curit\u00e9 au travail : Cours en ligne gratuits en sant\u00e9 mentale<br><a href=\"http:\/\/www.cchst.ca\/topics\/wellness\/mentalhealth\/index.html\" target=\"_blank\" rel=\"noreferrer noopener\" aria-label=\" (opens in a new tab)\">http:\/\/www.cchst.ca\/topics\/wellness\/mentalhealth\/index.html<\/a><\/p>\n\n\n\n<p>Norme nationale du Canada sur la sant\u00e9 et la s\u00e9curit\u00e9 psychologiques en milieu de travail<br><a href=\"http:\/\/www.mentalhealthcommission.ca\/Francais\/ce-que-nous-faisons\/sante-mentale-en-milieu-de-travail\/norme-nationale\" target=\"_blank\" rel=\"noreferrer noopener\" aria-label=\" (opens in a new tab)\">http:\/\/www.mentalhealthcommission.ca\/Francais\/ce-que-nous-faisons\/sante-mentale-en-milieu-de-travail\/norme-nationale<\/a><\/p>\n\n\n\n<p>Jeunesse, J\u2019\u00e9coute<br><a href=\"http:\/\/jeunessejecoute.ca\/\" target=\"_blank\" rel=\"noreferrer noopener\" aria-label=\" (opens in a new tab)\">http:\/\/jeunessejecoute.ca\/<\/a><\/p>\n\n\n\n<p>Centres de crise<br><a href=\"http:\/\/thelifelinecanada.ca\/fr\/help\/crisis-centres\/\" target=\"_blank\" rel=\"noreferrer noopener\" aria-label=\" (opens in a new tab)\">http:\/\/thelifelinecanada.ca\/fr\/help\/crisis-centres\/<\/a><\/p>\n","protected":false},"excerpt":{"rendered":"<p>Avec la pand\u00e9mie de COVID-19, la sant\u00e9 mentale doit \u00eatre, plus que jamais, au centre des pr\u00e9occupations des syndicats, des entreprises et des gouvernements.<\/p>\n","protected":false},"author":8,"featured_media":17920,"comment_status":"closed","ping_status":"closed","sticky":false,"template":"","format":"standard","meta":{"ngg_post_thumbnail":0,"mc4wp_mailchimp_campaign":[],"footnotes":""},"categories":[3384,1114,1125],"tags":[3535,2490,120,306],"class_list":{"0":"post-17916","1":"post","2":"type-post","3":"status-publish","4":"format-standard","5":"has-post-thumbnail","7":"category-covid-19","8":"category-nouvelles","9":"category-sante-mentale","10":"tag-covid19","11":"tag-maladie-mentale","12":"tag-mental-health","13":"tag-sante-mentale"},"yoast_head":"<!-- This site is optimized with the Yoast SEO Premium plugin v25.5 (Yoast SEO v25.5) - https:\/\/yoast.com\/wordpress\/plugins\/seo\/ -->\n<title>La sant\u00e9 mentale plus importante que jamais | Teamsters Canada<\/title>\n<meta name=\"robots\" content=\"index, follow, max-snippet:-1, max-image-preview:large, max-video-preview:-1\" \/>\n<link rel=\"canonical\" href=\"https:\/\/teamsters.ca\/fr\/blog\/2020\/05\/05\/la-sante-mentale-plus-importante-que-jamais\/\" \/>\n<meta property=\"og:locale\" content=\"fr_CA\" \/>\n<meta property=\"og:type\" content=\"article\" \/>\n<meta property=\"og:title\" content=\"La sant\u00e9 mentale plus importante que jamais\" \/>\n<meta property=\"og:description\" content=\"Avec la pand\u00e9mie de COVID-19, la sant\u00e9 mentale doit \u00eatre, plus que jamais, au centre des pr\u00e9occupations des syndicats, des entreprises et des gouvernements.\" \/>\n<meta property=\"og:url\" content=\"https:\/\/teamsters.ca\/fr\/blog\/2020\/05\/05\/la-sante-mentale-plus-importante-que-jamais\/\" \/>\n<meta property=\"og:site_name\" content=\"Teamsters Canada\" \/>\n<meta property=\"article:publisher\" content=\"https:\/\/www.facebook.com\/Teamsterscanada\/\" \/>\n<meta property=\"article:published_time\" content=\"2020-05-05T16:15:52+00:00\" \/>\n<meta property=\"article:modified_time\" content=\"2020-05-05T16:32:29+00:00\" \/>\n<meta property=\"og:image\" content=\"https:\/\/teamsters.ca\/wp-content\/uploads\/2020\/05\/mental.jpg\" \/>\n\t<meta property=\"og:image:width\" content=\"1166\" \/>\n\t<meta property=\"og:image:height\" content=\"768\" \/>\n\t<meta property=\"og:image:type\" content=\"image\/jpeg\" \/>\n<meta name=\"author\" content=\"St\u00e9phanie Meunier\" \/>\n<meta name=\"twitter:card\" content=\"summary_large_image\" \/>\n<meta name=\"twitter:creator\" content=\"@TeamstersCanada\" \/>\n<meta name=\"twitter:site\" content=\"@TeamstersCanada\" \/>\n<meta name=\"twitter:label1\" content=\"\u00c9crit par\" \/>\n\t<meta name=\"twitter:data1\" content=\"St\u00e9phanie Meunier\" \/>\n\t<meta name=\"twitter:label2\" content=\"Estimation du temps de lecture\" \/>\n\t<meta name=\"twitter:data2\" content=\"2 minutes\" \/>\n<script type=\"application\/ld+json\" class=\"yoast-schema-graph\">{\"@context\":\"https:\/\/schema.org\",\"@graph\":[{\"@type\":\"Article\",\"@id\":\"https:\/\/teamsters.ca\/fr\/blog\/2020\/05\/05\/la-sante-mentale-plus-importante-que-jamais\/#article\",\"isPartOf\":{\"@id\":\"https:\/\/teamsters.ca\/fr\/blog\/2020\/05\/05\/la-sante-mentale-plus-importante-que-jamais\/\"},\"author\":{\"name\":\"St\u00e9phanie Meunier\",\"@id\":\"https:\/\/teamsters.ca\/fr\/#\/schema\/person\/3e6ffefc39fe2f212400b7d8d0a4a0c1\"},\"headline\":\"La sant\u00e9 mentale plus importante que jamais\",\"datePublished\":\"2020-05-05T16:15:52+00:00\",\"dateModified\":\"2020-05-05T16:32:29+00:00\",\"mainEntityOfPage\":{\"@id\":\"https:\/\/teamsters.ca\/fr\/blog\/2020\/05\/05\/la-sante-mentale-plus-importante-que-jamais\/\"},\"wordCount\":331,\"publisher\":{\"@id\":\"https:\/\/teamsters.ca\/fr\/#organization\"},\"image\":{\"@id\":\"https:\/\/teamsters.ca\/fr\/blog\/2020\/05\/05\/la-sante-mentale-plus-importante-que-jamais\/#primaryimage\"},\"thumbnailUrl\":\"https:\/\/teamsters.ca\/wp-content\/uploads\/2020\/05\/mental.jpg\",\"keywords\":[\"COVID19\",\"maladie mentale\",\"Mental Health\",\"Sant\u00e9 mentale\"],\"articleSection\":[\"covid-19\",\"Nouvelles\",\"Sant\u00e9 Mentale\"],\"inLanguage\":\"fr-CA\"},{\"@type\":\"WebPage\",\"@id\":\"https:\/\/teamsters.ca\/fr\/blog\/2020\/05\/05\/la-sante-mentale-plus-importante-que-jamais\/\",\"url\":\"https:\/\/teamsters.ca\/fr\/blog\/2020\/05\/05\/la-sante-mentale-plus-importante-que-jamais\/\",\"name\":\"La sant\u00e9 mentale plus importante que jamais | Teamsters Canada\",\"isPartOf\":{\"@id\":\"https:\/\/teamsters.ca\/fr\/#website\"},\"primaryImageOfPage\":{\"@id\":\"https:\/\/teamsters.ca\/fr\/blog\/2020\/05\/05\/la-sante-mentale-plus-importante-que-jamais\/#primaryimage\"},\"image\":{\"@id\":\"https:\/\/teamsters.ca\/fr\/blog\/2020\/05\/05\/la-sante-mentale-plus-importante-que-jamais\/#primaryimage\"},\"thumbnailUrl\":\"https:\/\/teamsters.ca\/wp-content\/uploads\/2020\/05\/mental.jpg\",\"datePublished\":\"2020-05-05T16:15:52+00:00\",\"dateModified\":\"2020-05-05T16:32:29+00:00\",\"breadcrumb\":{\"@id\":\"https:\/\/teamsters.ca\/fr\/blog\/2020\/05\/05\/la-sante-mentale-plus-importante-que-jamais\/#breadcrumb\"},\"inLanguage\":\"fr-CA\",\"potentialAction\":[{\"@type\":\"ReadAction\",\"target\":[\"https:\/\/teamsters.ca\/fr\/blog\/2020\/05\/05\/la-sante-mentale-plus-importante-que-jamais\/\"]}]},{\"@type\":\"ImageObject\",\"inLanguage\":\"fr-CA\",\"@id\":\"https:\/\/teamsters.ca\/fr\/blog\/2020\/05\/05\/la-sante-mentale-plus-importante-que-jamais\/#primaryimage\",\"url\":\"https:\/\/teamsters.ca\/wp-content\/uploads\/2020\/05\/mental.jpg\",\"contentUrl\":\"https:\/\/teamsters.ca\/wp-content\/uploads\/2020\/05\/mental.jpg\",\"width\":1166,\"height\":768},{\"@type\":\"BreadcrumbList\",\"@id\":\"https:\/\/teamsters.ca\/fr\/blog\/2020\/05\/05\/la-sante-mentale-plus-importante-que-jamais\/#breadcrumb\",\"itemListElement\":[{\"@type\":\"ListItem\",\"position\":1,\"name\":\"Home\",\"item\":\"https:\/\/teamsters.ca\/fr\/\"},{\"@type\":\"ListItem\",\"position\":2,\"name\":\"La sant\u00e9 mentale plus importante que jamais\"}]},{\"@type\":\"WebSite\",\"@id\":\"https:\/\/teamsters.ca\/fr\/#website\",\"url\":\"https:\/\/teamsters.ca\/fr\/\",\"name\":\"Teamsters Canada\",\"description\":\"A Canadian union representing over 125 000 members\",\"publisher\":{\"@id\":\"https:\/\/teamsters.ca\/fr\/#organization\"},\"potentialAction\":[{\"@type\":\"SearchAction\",\"target\":{\"@type\":\"EntryPoint\",\"urlTemplate\":\"https:\/\/teamsters.ca\/fr\/?s={search_term_string}\"},\"query-input\":{\"@type\":\"PropertyValueSpecification\",\"valueRequired\":true,\"valueName\":\"search_term_string\"}}],\"inLanguage\":\"fr-CA\"},{\"@type\":\"Organization\",\"@id\":\"https:\/\/teamsters.ca\/fr\/#organization\",\"name\":\"Teamsters Canada\",\"url\":\"https:\/\/teamsters.ca\/fr\/\",\"logo\":{\"@type\":\"ImageObject\",\"inLanguage\":\"fr-CA\",\"@id\":\"https:\/\/teamsters.ca\/fr\/#\/schema\/logo\/image\/\",\"url\":\"https:\/\/teamsters.ca\/wp-content\/uploads\/2019\/08\/TeamstersCanada.png\",\"contentUrl\":\"https:\/\/teamsters.ca\/wp-content\/uploads\/2019\/08\/TeamstersCanada.png\",\"width\":545,\"height\":181,\"caption\":\"Teamsters Canada\"},\"image\":{\"@id\":\"https:\/\/teamsters.ca\/fr\/#\/schema\/logo\/image\/\"},\"sameAs\":[\"https:\/\/www.facebook.com\/Teamsterscanada\/\",\"https:\/\/x.com\/TeamstersCanada\"]},{\"@type\":\"Person\",\"@id\":\"https:\/\/teamsters.ca\/fr\/#\/schema\/person\/3e6ffefc39fe2f212400b7d8d0a4a0c1\",\"name\":\"St\u00e9phanie Meunier\",\"image\":{\"@type\":\"ImageObject\",\"inLanguage\":\"fr-CA\",\"@id\":\"https:\/\/teamsters.ca\/fr\/#\/schema\/person\/image\/\",\"url\":\"https:\/\/secure.gravatar.com\/avatar\/e4e8404e91ed71cb473fa2708849669810cf083c89825a3d2dd0d47dd6b2be77?s=96&d=mm&r=g\",\"contentUrl\":\"https:\/\/secure.gravatar.com\/avatar\/e4e8404e91ed71cb473fa2708849669810cf083c89825a3d2dd0d47dd6b2be77?s=96&d=mm&r=g\",\"caption\":\"St\u00e9phanie Meunier\"},\"url\":\"https:\/\/teamsters.ca\/fr\/blog\/author\/smeunier\/\"}]}<\/script>\n<!-- \/ Yoast SEO Premium plugin. -->","yoast_head_json":{"title":"La sant\u00e9 mentale plus importante que jamais | Teamsters Canada","robots":{"index":"index","follow":"follow","max-snippet":"max-snippet:-1","max-image-preview":"max-image-preview:large","max-video-preview":"max-video-preview:-1"},"canonical":"https:\/\/teamsters.ca\/fr\/blog\/2020\/05\/05\/la-sante-mentale-plus-importante-que-jamais\/","og_locale":"fr_CA","og_type":"article","og_title":"La sant\u00e9 mentale plus importante que jamais","og_description":"Avec la pand\u00e9mie de COVID-19, la sant\u00e9 mentale doit \u00eatre, plus que jamais, au centre des pr\u00e9occupations des syndicats, des entreprises et des gouvernements.","og_url":"https:\/\/teamsters.ca\/fr\/blog\/2020\/05\/05\/la-sante-mentale-plus-importante-que-jamais\/","og_site_name":"Teamsters Canada","article_publisher":"https:\/\/www.facebook.com\/Teamsterscanada\/","article_published_time":"2020-05-05T16:15:52+00:00","article_modified_time":"2020-05-05T16:32:29+00:00","og_image":[{"width":1166,"height":768,"url":"https:\/\/teamsters.ca\/wp-content\/uploads\/2020\/05\/mental.jpg","type":"image\/jpeg"}],"author":"St\u00e9phanie Meunier","twitter_card":"summary_large_image","twitter_creator":"@TeamstersCanada","twitter_site":"@TeamstersCanada","twitter_misc":{"\u00c9crit par":"St\u00e9phanie Meunier","Estimation du temps de lecture":"2 minutes"},"schema":{"@context":"https:\/\/schema.org","@graph":[{"@type":"Article","@id":"https:\/\/teamsters.ca\/fr\/blog\/2020\/05\/05\/la-sante-mentale-plus-importante-que-jamais\/#article","isPartOf":{"@id":"https:\/\/teamsters.ca\/fr\/blog\/2020\/05\/05\/la-sante-mentale-plus-importante-que-jamais\/"},"author":{"name":"St\u00e9phanie Meunier","@id":"https:\/\/teamsters.ca\/fr\/#\/schema\/person\/3e6ffefc39fe2f212400b7d8d0a4a0c1"},"headline":"La sant\u00e9 mentale plus importante que jamais","datePublished":"2020-05-05T16:15:52+00:00","dateModified":"2020-05-05T16:32:29+00:00","mainEntityOfPage":{"@id":"https:\/\/teamsters.ca\/fr\/blog\/2020\/05\/05\/la-sante-mentale-plus-importante-que-jamais\/"},"wordCount":331,"publisher":{"@id":"https:\/\/teamsters.ca\/fr\/#organization"},"image":{"@id":"https:\/\/teamsters.ca\/fr\/blog\/2020\/05\/05\/la-sante-mentale-plus-importante-que-jamais\/#primaryimage"},"thumbnailUrl":"https:\/\/teamsters.ca\/wp-content\/uploads\/2020\/05\/mental.jpg","keywords":["COVID19","maladie mentale","Mental Health","Sant\u00e9 mentale"],"articleSection":["covid-19","Nouvelles","Sant\u00e9 Mentale"],"inLanguage":"fr-CA"},{"@type":"WebPage","@id":"https:\/\/teamsters.ca\/fr\/blog\/2020\/05\/05\/la-sante-mentale-plus-importante-que-jamais\/","url":"https:\/\/teamsters.ca\/fr\/blog\/2020\/05\/05\/la-sante-mentale-plus-importante-que-jamais\/","name":"La sant\u00e9 mentale plus importante que jamais | Teamsters Canada","isPartOf":{"@id":"https:\/\/teamsters.ca\/fr\/#website"},"primaryImageOfPage":{"@id":"https:\/\/teamsters.ca\/fr\/blog\/2020\/05\/05\/la-sante-mentale-plus-importante-que-jamais\/#primaryimage"},"image":{"@id":"https:\/\/teamsters.ca\/fr\/blog\/2020\/05\/05\/la-sante-mentale-plus-importante-que-jamais\/#primaryimage"},"thumbnailUrl":"https:\/\/teamsters.ca\/wp-content\/uploads\/2020\/05\/mental.jpg","datePublished":"2020-05-05T16:15:52+00:00","dateModified":"2020-05-05T16:32:29+00:00","breadcrumb":{"@id":"https:\/\/teamsters.ca\/fr\/blog\/2020\/05\/05\/la-sante-mentale-plus-importante-que-jamais\/#breadcrumb"},"inLanguage":"fr-CA","potentialAction":[{"@type":"ReadAction","target":["https:\/\/teamsters.ca\/fr\/blog\/2020\/05\/05\/la-sante-mentale-plus-importante-que-jamais\/"]}]},{"@type":"ImageObject","inLanguage":"fr-CA","@id":"https:\/\/teamsters.ca\/fr\/blog\/2020\/05\/05\/la-sante-mentale-plus-importante-que-jamais\/#primaryimage","url":"https:\/\/teamsters.ca\/wp-content\/uploads\/2020\/05\/mental.jpg","contentUrl":"https:\/\/teamsters.ca\/wp-content\/uploads\/2020\/05\/mental.jpg","width":1166,"height":768},{"@type":"BreadcrumbList","@id":"https:\/\/teamsters.ca\/fr\/blog\/2020\/05\/05\/la-sante-mentale-plus-importante-que-jamais\/#breadcrumb","itemListElement":[{"@type":"ListItem","position":1,"name":"Home","item":"https:\/\/teamsters.ca\/fr\/"},{"@type":"ListItem","position":2,"name":"La sant\u00e9 mentale plus importante que jamais"}]},{"@type":"WebSite","@id":"https:\/\/teamsters.ca\/fr\/#website","url":"https:\/\/teamsters.ca\/fr\/","name":"Teamsters Canada","description":"A Canadian union representing over 125 000 members","publisher":{"@id":"https:\/\/teamsters.ca\/fr\/#organization"},"potentialAction":[{"@type":"SearchAction","target":{"@type":"EntryPoint","urlTemplate":"https:\/\/teamsters.ca\/fr\/?s={search_term_string}"},"query-input":{"@type":"PropertyValueSpecification","valueRequired":true,"valueName":"search_term_string"}}],"inLanguage":"fr-CA"},{"@type":"Organization","@id":"https:\/\/teamsters.ca\/fr\/#organization","name":"Teamsters Canada","url":"https:\/\/teamsters.ca\/fr\/","logo":{"@type":"ImageObject","inLanguage":"fr-CA","@id":"https:\/\/teamsters.ca\/fr\/#\/schema\/logo\/image\/","url":"https:\/\/teamsters.ca\/wp-content\/uploads\/2019\/08\/TeamstersCanada.png","contentUrl":"https:\/\/teamsters.ca\/wp-content\/uploads\/2019\/08\/TeamstersCanada.png","width":545,"height":181,"caption":"Teamsters Canada"},"image":{"@id":"https:\/\/teamsters.ca\/fr\/#\/schema\/logo\/image\/"},"sameAs":["https:\/\/www.facebook.com\/Teamsterscanada\/","https:\/\/x.com\/TeamstersCanada"]},{"@type":"Person","@id":"https:\/\/teamsters.ca\/fr\/#\/schema\/person\/3e6ffefc39fe2f212400b7d8d0a4a0c1","name":"St\u00e9phanie Meunier","image":{"@type":"ImageObject","inLanguage":"fr-CA","@id":"https:\/\/teamsters.ca\/fr\/#\/schema\/person\/image\/","url":"https:\/\/secure.gravatar.com\/avatar\/e4e8404e91ed71cb473fa2708849669810cf083c89825a3d2dd0d47dd6b2be77?s=96&d=mm&r=g","contentUrl":"https:\/\/secure.gravatar.com\/avatar\/e4e8404e91ed71cb473fa2708849669810cf083c89825a3d2dd0d47dd6b2be77?s=96&d=mm&r=g","caption":"St\u00e9phanie Meunier"},"url":"https:\/\/teamsters.ca\/fr\/blog\/author\/smeunier\/"}]}},"_links":{"self":[{"href":"https:\/\/teamsters.ca\/fr\/wp-json\/wp\/v2\/posts\/17916","targetHints":{"allow":["GET"]}}],"collection":[{"href":"https:\/\/teamsters.ca\/fr\/wp-json\/wp\/v2\/posts"}],"about":[{"href":"https:\/\/teamsters.ca\/fr\/wp-json\/wp\/v2\/types\/post"}],"author":[{"embeddable":true,"href":"https:\/\/teamsters.ca\/fr\/wp-json\/wp\/v2\/users\/8"}],"replies":[{"embeddable":true,"href":"https:\/\/teamsters.ca\/fr\/wp-json\/wp\/v2\/comments?post=17916"}],"version-history":[{"count":10,"href":"https:\/\/teamsters.ca\/fr\/wp-json\/wp\/v2\/posts\/17916\/revisions"}],"predecessor-version":[{"id":17932,"href":"https:\/\/teamsters.ca\/fr\/wp-json\/wp\/v2\/posts\/17916\/revisions\/17932"}],"wp:featuredmedia":[{"embeddable":true,"href":"https:\/\/teamsters.ca\/fr\/wp-json\/wp\/v2\/media\/17920"}],"wp:attachment":[{"href":"https:\/\/teamsters.ca\/fr\/wp-json\/wp\/v2\/media?parent=17916"}],"wp:term":[{"taxonomy":"category","embeddable":true,"href":"https:\/\/teamsters.ca\/fr\/wp-json\/wp\/v2\/categories?post=17916"},{"taxonomy":"post_tag","embeddable":true,"href":"https:\/\/teamsters.ca\/fr\/wp-json\/wp\/v2\/tags?post=17916"}],"curies":[{"name":"wp","href":"https:\/\/api.w.org\/{rel}","templated":true}]}}