{"id":17243,"date":"2020-03-18T14:28:01","date_gmt":"2020-03-18T18:28:01","guid":{"rendered":"http:\/\/teamsters.ca\/?p=17243"},"modified":"2020-03-19T13:14:34","modified_gmt":"2020-03-19T17:14:34","slug":"priorite-aux-camionneurs","status":"publish","type":"post","link":"https:\/\/teamsters.ca\/fr\/blog\/2020\/03\/18\/priorite-aux-camionneurs\/","title":{"rendered":"Priorit\u00e9 aux camionneurs"},"content":{"rendered":"\n<p>Dans la foul\u00e9e de la pand\u00e9mie de COVID-19 et de ses impacts sur tous les travailleurs-euses, le syndicat des Teamsters tient \u00e0 rappeler aux employeurs l\u2019importance qu\u2019ont les camionneurs-euses pour faire face \u00e0 la crise actuelle.<\/p>\n\n\n\n<p>Les chauffeurs et chauffeuses de camions constituent l\u2019\u00e9pine dorsale de l\u2019\u00e9conomie, particuli\u00e8rement en ces temps de crise puisqu\u2019ils assurent la livraison des denr\u00e9es alimentaires et des produits m\u00e9dicaux aux quatre coins de la province.<\/p>\n\n\n\n<p>Sans eux, la soci\u00e9t\u00e9 serait \u00e0 ce moment-ci dans une situation bien plus d\u00e9licate. Ils assurent courageusement leurs t\u00e2ches. Par cons\u00e9quent, nous exigeons de la part des donneurs d\u2019ouvrage, des employeurs et des clients qu\u2019on r\u00e9ponde \u00e0 leurs besoins rapidement et efficacement.<\/p>\n\n\n\n<p>C\u2019est la raison pour laquelle nous tenons \u00e0 sonner l\u2019alarme. Nous constatons \u00e0 l\u2019heure actuelle que certains employeurs ne semblent pas proactifs en ce qui a trait aux mesures de sant\u00e9 et de s\u00e9curit\u00e9 pour les routiers. La salubrit\u00e9 des camions, par exemple, laisse trop souvent \u00e0 d\u00e9sirer et pr\u00e9sente un risque inacceptable en cette \u00e9poque de crise.<\/p>\n\n\n\n<p>Le syndicat des Teamsters exige des transporteurs routiers et des clients qui attendent les marchandises une attitude irr\u00e9prochable en ce qui a trait \u00e0 la propret\u00e9 des camions, des aires de repos et des pi\u00e8ces communes. Les toilettes devraient \u00e9galement \u00eatre disponibles l\u00e0 o\u00f9 vont les camionneurs.<\/p>\n\n\n\n<p>Nous tenons \u00e0 mentionner que les aires de repos d\u00e9di\u00e9s aux camionneurs sont dans le meilleur des cas dans une propret\u00e9 douteuse. Nous constatons \u00e9galement que la fermeture partielle ou compl\u00e8te de certaines d\u2019entre elles, tant au Qu\u00e9bec qu\u2019ailleurs au Canada et aux \u00c9tats-Unis, a des impacts importants sur la sant\u00e9, la s\u00e9curit\u00e9 et la qualit\u00e9 de vie des camionneurs et camionneuses. Cet enjeu doit \u00eatre abord\u00e9 et r\u00e9gl\u00e9 imm\u00e9diatement par nos gouvernements.<\/p>\n\n\n\n<p>Nos camionneurs et camionneuses font preuve de courage et permettent \u00e0 notre soci\u00e9t\u00e9 de continuer \u00e0 fonctionner. Ils doivent donc d\u00e8s maintenant \u00eatre prioritaires pour les employeurs, les donneurs d\u2019ouvrage, les clients et les gouvernements.<\/p>\n\n\n\n<p style=\"text-align:center\">-30-<\/p>\n\n\n\n<p>St\u00e9phane Lacroix, directeur des Communications et des Affaires publiques<br \/>Portable : 514 609-5101<br \/><a rel=\"noreferrer noopener\" href=\"mailto:slacroix@teamsters.ca\" target=\"_blank\">slacroix@teamsters.ca<\/a><\/p>\n","protected":false},"excerpt":{"rendered":"<p>Dans la foul\u00e9e de la pand\u00e9mie de COVID-19 et de ses impacts sur tous les travailleurs-euses, le syndicat des Teamsters tient \u00e0 rappeler aux employeurs l\u2019importance qu\u2019ont les camionneurs-euses pour faire face \u00e0 la crise actuelle.<\/p>\n","protected":false},"author":8,"featured_media":17246,"comment_status":"closed","ping_status":"closed","sticky":false,"template":"","format":"standard","meta":{"ngg_post_thumbnail":0,"mc4wp_mailchimp_campaign":[],"footnotes":""},"categories":[3384,1114],"tags":[3535],"class_list":{"0":"post-17243","1":"post","2":"type-post","3":"status-publish","4":"format-standard","5":"has-post-thumbnail","7":"category-covid-19","8":"category-nouvelles","9":"tag-covid19"},"yoast_head":"<!-- This site is optimized with the Yoast SEO Premium plugin v25.5 (Yoast SEO v25.5) - https:\/\/yoast.com\/wordpress\/plugins\/seo\/ -->\n<title>Priorit\u00e9 aux camionneurs | Teamsters Canada<\/title>\n<meta name=\"robots\" content=\"index, follow, max-snippet:-1, max-image-preview:large, max-video-preview:-1\" \/>\n<link rel=\"canonical\" href=\"https:\/\/teamsters.ca\/fr\/blog\/2020\/03\/18\/priorite-aux-camionneurs\/\" \/>\n<meta property=\"og:locale\" content=\"fr_CA\" \/>\n<meta property=\"og:type\" content=\"article\" \/>\n<meta property=\"og:title\" content=\"Priorit\u00e9 aux camionneurs\" \/>\n<meta property=\"og:description\" content=\"Dans la foul\u00e9e de la pand\u00e9mie de COVID-19 et de ses impacts sur tous les travailleurs-euses, le syndicat des Teamsters tient \u00e0 rappeler aux employeurs l\u2019importance qu\u2019ont les camionneurs-euses pour faire face \u00e0 la crise actuelle.\" \/>\n<meta property=\"og:url\" content=\"https:\/\/teamsters.ca\/fr\/blog\/2020\/03\/18\/priorite-aux-camionneurs\/\" \/>\n<meta property=\"og:site_name\" content=\"Teamsters Canada\" \/>\n<meta property=\"article:publisher\" content=\"https:\/\/www.facebook.com\/Teamsterscanada\/\" \/>\n<meta property=\"article:published_time\" content=\"2020-03-18T18:28:01+00:00\" \/>\n<meta property=\"article:modified_time\" content=\"2020-03-19T17:14:34+00:00\" \/>\n<meta property=\"og:image\" content=\"https:\/\/teamsters.ca\/wp-content\/uploads\/2020\/03\/camion_coraFR.jpg\" \/>\n\t<meta property=\"og:image:width\" content=\"1166\" \/>\n\t<meta property=\"og:image:height\" content=\"768\" \/>\n\t<meta property=\"og:image:type\" content=\"image\/jpeg\" \/>\n<meta name=\"author\" content=\"St\u00e9phanie Meunier\" \/>\n<meta name=\"twitter:card\" content=\"summary_large_image\" \/>\n<meta name=\"twitter:creator\" content=\"@TeamstersCanada\" \/>\n<meta name=\"twitter:site\" content=\"@TeamstersCanada\" \/>\n<meta name=\"twitter:label1\" content=\"\u00c9crit par\" \/>\n\t<meta name=\"twitter:data1\" content=\"St\u00e9phanie Meunier\" \/>\n\t<meta name=\"twitter:label2\" content=\"Estimation du temps de lecture\" \/>\n\t<meta name=\"twitter:data2\" content=\"2 minutes\" \/>\n<script type=\"application\/ld+json\" class=\"yoast-schema-graph\">{\"@context\":\"https:\/\/schema.org\",\"@graph\":[{\"@type\":\"Article\",\"@id\":\"https:\/\/teamsters.ca\/fr\/blog\/2020\/03\/18\/priorite-aux-camionneurs\/#article\",\"isPartOf\":{\"@id\":\"https:\/\/teamsters.ca\/fr\/blog\/2020\/03\/18\/priorite-aux-camionneurs\/\"},\"author\":{\"name\":\"St\u00e9phanie Meunier\",\"@id\":\"https:\/\/teamsters.ca\/fr\/#\/schema\/person\/3e6ffefc39fe2f212400b7d8d0a4a0c1\"},\"headline\":\"Priorit\u00e9 aux camionneurs\",\"datePublished\":\"2020-03-18T18:28:01+00:00\",\"dateModified\":\"2020-03-19T17:14:34+00:00\",\"mainEntityOfPage\":{\"@id\":\"https:\/\/teamsters.ca\/fr\/blog\/2020\/03\/18\/priorite-aux-camionneurs\/\"},\"wordCount\":355,\"publisher\":{\"@id\":\"https:\/\/teamsters.ca\/fr\/#organization\"},\"image\":{\"@id\":\"https:\/\/teamsters.ca\/fr\/blog\/2020\/03\/18\/priorite-aux-camionneurs\/#primaryimage\"},\"thumbnailUrl\":\"https:\/\/teamsters.ca\/wp-content\/uploads\/2020\/03\/camion_coraFR.jpg\",\"keywords\":[\"COVID19\"],\"articleSection\":[\"covid-19\",\"Nouvelles\"],\"inLanguage\":\"fr-CA\"},{\"@type\":\"WebPage\",\"@id\":\"https:\/\/teamsters.ca\/fr\/blog\/2020\/03\/18\/priorite-aux-camionneurs\/\",\"url\":\"https:\/\/teamsters.ca\/fr\/blog\/2020\/03\/18\/priorite-aux-camionneurs\/\",\"name\":\"Priorit\u00e9 aux camionneurs | Teamsters Canada\",\"isPartOf\":{\"@id\":\"https:\/\/teamsters.ca\/fr\/#website\"},\"primaryImageOfPage\":{\"@id\":\"https:\/\/teamsters.ca\/fr\/blog\/2020\/03\/18\/priorite-aux-camionneurs\/#primaryimage\"},\"image\":{\"@id\":\"https:\/\/teamsters.ca\/fr\/blog\/2020\/03\/18\/priorite-aux-camionneurs\/#primaryimage\"},\"thumbnailUrl\":\"https:\/\/teamsters.ca\/wp-content\/uploads\/2020\/03\/camion_coraFR.jpg\",\"datePublished\":\"2020-03-18T18:28:01+00:00\",\"dateModified\":\"2020-03-19T17:14:34+00:00\",\"breadcrumb\":{\"@id\":\"https:\/\/teamsters.ca\/fr\/blog\/2020\/03\/18\/priorite-aux-camionneurs\/#breadcrumb\"},\"inLanguage\":\"fr-CA\",\"potentialAction\":[{\"@type\":\"ReadAction\",\"target\":[\"https:\/\/teamsters.ca\/fr\/blog\/2020\/03\/18\/priorite-aux-camionneurs\/\"]}]},{\"@type\":\"ImageObject\",\"inLanguage\":\"fr-CA\",\"@id\":\"https:\/\/teamsters.ca\/fr\/blog\/2020\/03\/18\/priorite-aux-camionneurs\/#primaryimage\",\"url\":\"https:\/\/teamsters.ca\/wp-content\/uploads\/2020\/03\/camion_coraFR.jpg\",\"contentUrl\":\"https:\/\/teamsters.ca\/wp-content\/uploads\/2020\/03\/camion_coraFR.jpg\",\"width\":1166,\"height\":768},{\"@type\":\"BreadcrumbList\",\"@id\":\"https:\/\/teamsters.ca\/fr\/blog\/2020\/03\/18\/priorite-aux-camionneurs\/#breadcrumb\",\"itemListElement\":[{\"@type\":\"ListItem\",\"position\":1,\"name\":\"Home\",\"item\":\"https:\/\/teamsters.ca\/fr\/\"},{\"@type\":\"ListItem\",\"position\":2,\"name\":\"Priorit\u00e9 aux camionneurs\"}]},{\"@type\":\"WebSite\",\"@id\":\"https:\/\/teamsters.ca\/fr\/#website\",\"url\":\"https:\/\/teamsters.ca\/fr\/\",\"name\":\"Teamsters Canada\",\"description\":\"A Canadian union representing over 125 000 members\",\"publisher\":{\"@id\":\"https:\/\/teamsters.ca\/fr\/#organization\"},\"potentialAction\":[{\"@type\":\"SearchAction\",\"target\":{\"@type\":\"EntryPoint\",\"urlTemplate\":\"https:\/\/teamsters.ca\/fr\/?s={search_term_string}\"},\"query-input\":{\"@type\":\"PropertyValueSpecification\",\"valueRequired\":true,\"valueName\":\"search_term_string\"}}],\"inLanguage\":\"fr-CA\"},{\"@type\":\"Organization\",\"@id\":\"https:\/\/teamsters.ca\/fr\/#organization\",\"name\":\"Teamsters Canada\",\"url\":\"https:\/\/teamsters.ca\/fr\/\",\"logo\":{\"@type\":\"ImageObject\",\"inLanguage\":\"fr-CA\",\"@id\":\"https:\/\/teamsters.ca\/fr\/#\/schema\/logo\/image\/\",\"url\":\"https:\/\/teamsters.ca\/wp-content\/uploads\/2019\/08\/TeamstersCanada.png\",\"contentUrl\":\"https:\/\/teamsters.ca\/wp-content\/uploads\/2019\/08\/TeamstersCanada.png\",\"width\":545,\"height\":181,\"caption\":\"Teamsters Canada\"},\"image\":{\"@id\":\"https:\/\/teamsters.ca\/fr\/#\/schema\/logo\/image\/\"},\"sameAs\":[\"https:\/\/www.facebook.com\/Teamsterscanada\/\",\"https:\/\/x.com\/TeamstersCanada\"]},{\"@type\":\"Person\",\"@id\":\"https:\/\/teamsters.ca\/fr\/#\/schema\/person\/3e6ffefc39fe2f212400b7d8d0a4a0c1\",\"name\":\"St\u00e9phanie Meunier\",\"image\":{\"@type\":\"ImageObject\",\"inLanguage\":\"fr-CA\",\"@id\":\"https:\/\/teamsters.ca\/fr\/#\/schema\/person\/image\/\",\"url\":\"https:\/\/secure.gravatar.com\/avatar\/e4e8404e91ed71cb473fa2708849669810cf083c89825a3d2dd0d47dd6b2be77?s=96&d=mm&r=g\",\"contentUrl\":\"https:\/\/secure.gravatar.com\/avatar\/e4e8404e91ed71cb473fa2708849669810cf083c89825a3d2dd0d47dd6b2be77?s=96&d=mm&r=g\",\"caption\":\"St\u00e9phanie Meunier\"},\"url\":\"https:\/\/teamsters.ca\/fr\/blog\/author\/smeunier\/\"}]}<\/script>\n<!-- \/ Yoast SEO Premium plugin. -->","yoast_head_json":{"title":"Priorit\u00e9 aux camionneurs | Teamsters Canada","robots":{"index":"index","follow":"follow","max-snippet":"max-snippet:-1","max-image-preview":"max-image-preview:large","max-video-preview":"max-video-preview:-1"},"canonical":"https:\/\/teamsters.ca\/fr\/blog\/2020\/03\/18\/priorite-aux-camionneurs\/","og_locale":"fr_CA","og_type":"article","og_title":"Priorit\u00e9 aux camionneurs","og_description":"Dans la foul\u00e9e de la pand\u00e9mie de COVID-19 et de ses impacts sur tous les travailleurs-euses, le syndicat des Teamsters tient \u00e0 rappeler aux employeurs l\u2019importance qu\u2019ont les camionneurs-euses pour faire face \u00e0 la crise actuelle.","og_url":"https:\/\/teamsters.ca\/fr\/blog\/2020\/03\/18\/priorite-aux-camionneurs\/","og_site_name":"Teamsters Canada","article_publisher":"https:\/\/www.facebook.com\/Teamsterscanada\/","article_published_time":"2020-03-18T18:28:01+00:00","article_modified_time":"2020-03-19T17:14:34+00:00","og_image":[{"width":1166,"height":768,"url":"https:\/\/teamsters.ca\/wp-content\/uploads\/2020\/03\/camion_coraFR.jpg","type":"image\/jpeg"}],"author":"St\u00e9phanie Meunier","twitter_card":"summary_large_image","twitter_creator":"@TeamstersCanada","twitter_site":"@TeamstersCanada","twitter_misc":{"\u00c9crit par":"St\u00e9phanie Meunier","Estimation du temps de lecture":"2 minutes"},"schema":{"@context":"https:\/\/schema.org","@graph":[{"@type":"Article","@id":"https:\/\/teamsters.ca\/fr\/blog\/2020\/03\/18\/priorite-aux-camionneurs\/#article","isPartOf":{"@id":"https:\/\/teamsters.ca\/fr\/blog\/2020\/03\/18\/priorite-aux-camionneurs\/"},"author":{"name":"St\u00e9phanie Meunier","@id":"https:\/\/teamsters.ca\/fr\/#\/schema\/person\/3e6ffefc39fe2f212400b7d8d0a4a0c1"},"headline":"Priorit\u00e9 aux camionneurs","datePublished":"2020-03-18T18:28:01+00:00","dateModified":"2020-03-19T17:14:34+00:00","mainEntityOfPage":{"@id":"https:\/\/teamsters.ca\/fr\/blog\/2020\/03\/18\/priorite-aux-camionneurs\/"},"wordCount":355,"publisher":{"@id":"https:\/\/teamsters.ca\/fr\/#organization"},"image":{"@id":"https:\/\/teamsters.ca\/fr\/blog\/2020\/03\/18\/priorite-aux-camionneurs\/#primaryimage"},"thumbnailUrl":"https:\/\/teamsters.ca\/wp-content\/uploads\/2020\/03\/camion_coraFR.jpg","keywords":["COVID19"],"articleSection":["covid-19","Nouvelles"],"inLanguage":"fr-CA"},{"@type":"WebPage","@id":"https:\/\/teamsters.ca\/fr\/blog\/2020\/03\/18\/priorite-aux-camionneurs\/","url":"https:\/\/teamsters.ca\/fr\/blog\/2020\/03\/18\/priorite-aux-camionneurs\/","name":"Priorit\u00e9 aux camionneurs | Teamsters Canada","isPartOf":{"@id":"https:\/\/teamsters.ca\/fr\/#website"},"primaryImageOfPage":{"@id":"https:\/\/teamsters.ca\/fr\/blog\/2020\/03\/18\/priorite-aux-camionneurs\/#primaryimage"},"image":{"@id":"https:\/\/teamsters.ca\/fr\/blog\/2020\/03\/18\/priorite-aux-camionneurs\/#primaryimage"},"thumbnailUrl":"https:\/\/teamsters.ca\/wp-content\/uploads\/2020\/03\/camion_coraFR.jpg","datePublished":"2020-03-18T18:28:01+00:00","dateModified":"2020-03-19T17:14:34+00:00","breadcrumb":{"@id":"https:\/\/teamsters.ca\/fr\/blog\/2020\/03\/18\/priorite-aux-camionneurs\/#breadcrumb"},"inLanguage":"fr-CA","potentialAction":[{"@type":"ReadAction","target":["https:\/\/teamsters.ca\/fr\/blog\/2020\/03\/18\/priorite-aux-camionneurs\/"]}]},{"@type":"ImageObject","inLanguage":"fr-CA","@id":"https:\/\/teamsters.ca\/fr\/blog\/2020\/03\/18\/priorite-aux-camionneurs\/#primaryimage","url":"https:\/\/teamsters.ca\/wp-content\/uploads\/2020\/03\/camion_coraFR.jpg","contentUrl":"https:\/\/teamsters.ca\/wp-content\/uploads\/2020\/03\/camion_coraFR.jpg","width":1166,"height":768},{"@type":"BreadcrumbList","@id":"https:\/\/teamsters.ca\/fr\/blog\/2020\/03\/18\/priorite-aux-camionneurs\/#breadcrumb","itemListElement":[{"@type":"ListItem","position":1,"name":"Home","item":"https:\/\/teamsters.ca\/fr\/"},{"@type":"ListItem","position":2,"name":"Priorit\u00e9 aux camionneurs"}]},{"@type":"WebSite","@id":"https:\/\/teamsters.ca\/fr\/#website","url":"https:\/\/teamsters.ca\/fr\/","name":"Teamsters Canada","description":"A Canadian union representing over 125 000 members","publisher":{"@id":"https:\/\/teamsters.ca\/fr\/#organization"},"potentialAction":[{"@type":"SearchAction","target":{"@type":"EntryPoint","urlTemplate":"https:\/\/teamsters.ca\/fr\/?s={search_term_string}"},"query-input":{"@type":"PropertyValueSpecification","valueRequired":true,"valueName":"search_term_string"}}],"inLanguage":"fr-CA"},{"@type":"Organization","@id":"https:\/\/teamsters.ca\/fr\/#organization","name":"Teamsters Canada","url":"https:\/\/teamsters.ca\/fr\/","logo":{"@type":"ImageObject","inLanguage":"fr-CA","@id":"https:\/\/teamsters.ca\/fr\/#\/schema\/logo\/image\/","url":"https:\/\/teamsters.ca\/wp-content\/uploads\/2019\/08\/TeamstersCanada.png","contentUrl":"https:\/\/teamsters.ca\/wp-content\/uploads\/2019\/08\/TeamstersCanada.png","width":545,"height":181,"caption":"Teamsters Canada"},"image":{"@id":"https:\/\/teamsters.ca\/fr\/#\/schema\/logo\/image\/"},"sameAs":["https:\/\/www.facebook.com\/Teamsterscanada\/","https:\/\/x.com\/TeamstersCanada"]},{"@type":"Person","@id":"https:\/\/teamsters.ca\/fr\/#\/schema\/person\/3e6ffefc39fe2f212400b7d8d0a4a0c1","name":"St\u00e9phanie Meunier","image":{"@type":"ImageObject","inLanguage":"fr-CA","@id":"https:\/\/teamsters.ca\/fr\/#\/schema\/person\/image\/","url":"https:\/\/secure.gravatar.com\/avatar\/e4e8404e91ed71cb473fa2708849669810cf083c89825a3d2dd0d47dd6b2be77?s=96&d=mm&r=g","contentUrl":"https:\/\/secure.gravatar.com\/avatar\/e4e8404e91ed71cb473fa2708849669810cf083c89825a3d2dd0d47dd6b2be77?s=96&d=mm&r=g","caption":"St\u00e9phanie Meunier"},"url":"https:\/\/teamsters.ca\/fr\/blog\/author\/smeunier\/"}]}},"_links":{"self":[{"href":"https:\/\/teamsters.ca\/fr\/wp-json\/wp\/v2\/posts\/17243","targetHints":{"allow":["GET"]}}],"collection":[{"href":"https:\/\/teamsters.ca\/fr\/wp-json\/wp\/v2\/posts"}],"about":[{"href":"https:\/\/teamsters.ca\/fr\/wp-json\/wp\/v2\/types\/post"}],"author":[{"embeddable":true,"href":"https:\/\/teamsters.ca\/fr\/wp-json\/wp\/v2\/users\/8"}],"replies":[{"embeddable":true,"href":"https:\/\/teamsters.ca\/fr\/wp-json\/wp\/v2\/comments?post=17243"}],"version-history":[{"count":3,"href":"https:\/\/teamsters.ca\/fr\/wp-json\/wp\/v2\/posts\/17243\/revisions"}],"predecessor-version":[{"id":17248,"href":"https:\/\/teamsters.ca\/fr\/wp-json\/wp\/v2\/posts\/17243\/revisions\/17248"}],"wp:featuredmedia":[{"embeddable":true,"href":"https:\/\/teamsters.ca\/fr\/wp-json\/wp\/v2\/media\/17246"}],"wp:attachment":[{"href":"https:\/\/teamsters.ca\/fr\/wp-json\/wp\/v2\/media?parent=17243"}],"wp:term":[{"taxonomy":"category","embeddable":true,"href":"https:\/\/teamsters.ca\/fr\/wp-json\/wp\/v2\/categories?post=17243"},{"taxonomy":"post_tag","embeddable":true,"href":"https:\/\/teamsters.ca\/fr\/wp-json\/wp\/v2\/tags?post=17243"}],"curies":[{"name":"wp","href":"https:\/\/api.w.org\/{rel}","templated":true}]}}