{"id":16939,"date":"2020-02-17T17:41:11","date_gmt":"2020-02-17T22:41:11","guid":{"rendered":"http:\/\/teamsters.ca\/?p=16939"},"modified":"2020-02-17T17:48:23","modified_gmt":"2020-02-17T22:48:23","slug":"le-syndicat-des-teamsters-et-bombardier-transport-concluent-une-entente-de-principe-a-montreal","status":"publish","type":"post","link":"https:\/\/teamsters.ca\/fr\/blog\/2020\/02\/17\/le-syndicat-des-teamsters-et-bombardier-transport-concluent-une-entente-de-principe-a-montreal\/","title":{"rendered":"Le syndicat des Teamsters et Bombardier Transport concluent une entente de principe \u00e0 Montr\u00e9al"},"content":{"rendered":"\n<p>Montr\u00e9al, le 17 f\u00e9vrier 2020 \u2013 Jeudi dernier, la Conf\u00e9rence ferroviaire de Teamsters (CFTC) et Bombardier Transport \u00e0 Montr\u00e9al ont conclu une entente de principe pour renouveler la convention collective de quelque 200 travailleuses et travailleurs.&nbsp;<\/p>\n\n\n\n<p>L\u2019entente concerne les ing\u00e9nieures de locomotive, les chefs de train ainsi que le personnel d\u2019atelier qui font fonctionner les trains de banlieue \u00e0 Montr\u00e9al.<\/p>\n\n\n\n<p>Les d\u00e9tails de l\u2019entente de principe ne seront pas divulgu\u00e9s avant que les membres aient eu l\u2019occasion de l&rsquo;examiner en premier. Des assembl\u00e9es syndicales auront lieu au cours des prochaines semaines pour expliquer l\u2019entente aux membres et r\u00e9pondre aux questions.&nbsp;<\/p>\n\n\n\n<p>Le comit\u00e9 de n\u00e9gociations du syndicat recommande aux membres de ratifier l\u2019entente.<\/p>\n\n\n\n<p><em>Les Teamsters repr\u00e9sentent pr\u00e8s de 125\u2009000 membres au Canada dans tous les secteurs, dont plus de 16\u2009000 dans l\u2019industrie ferroviaire. La Fraternit\u00e9 internationale des Teamsters, \u00e0 laquelle Teamsters Canada est affili\u00e9e, compte 1,5 million de membres en Am\u00e9rique du Nord.<\/em><\/p>\n\n\n\n<p style=\"text-align:center\">-30-<\/p>\n\n\n","protected":false},"excerpt":{"rendered":"<p>Jeudi le 13 f\u00e9vrier, la Conf\u00e9rence ferroviaire de Teamsters (CFTC) et Bombardier Transport \u00e0 Montr\u00e9al ont conclu une entente de principe pour renouveler la convention collective de quelque 200 travailleuses et travailleurs. <\/p>\n","protected":false},"author":8,"featured_media":16944,"comment_status":"closed","ping_status":"closed","sticky":false,"template":"","format":"standard","meta":{"ngg_post_thumbnail":0,"mc4wp_mailchimp_campaign":[],"footnotes":""},"categories":[1114],"tags":[654,3227,313],"class_list":{"0":"post-16939","1":"post","2":"type-post","3":"status-publish","4":"format-standard","5":"has-post-thumbnail","7":"category-nouvelles","8":"tag-cftc","9":"tag-conference-ferroviaire-de-teamsters","10":"tag-entente-de-principe"},"yoast_head":"<!-- This site is optimized with the Yoast SEO Premium plugin v25.5 (Yoast SEO v25.5) - https:\/\/yoast.com\/wordpress\/plugins\/seo\/ -->\n<title>Le syndicat des Teamsters et Bombardier Transport concluent une entente de principe \u00e0 Montr\u00e9al | Teamsters Canada<\/title>\n<meta name=\"robots\" content=\"index, follow, max-snippet:-1, max-image-preview:large, max-video-preview:-1\" \/>\n<link rel=\"canonical\" href=\"https:\/\/teamsters.ca\/fr\/blog\/2020\/02\/17\/le-syndicat-des-teamsters-et-bombardier-transport-concluent-une-entente-de-principe-a-montreal\/\" \/>\n<meta property=\"og:locale\" content=\"fr_CA\" \/>\n<meta property=\"og:type\" content=\"article\" \/>\n<meta property=\"og:title\" content=\"Le syndicat des Teamsters et Bombardier Transport concluent une entente de principe \u00e0 Montr\u00e9al\" \/>\n<meta property=\"og:description\" content=\"Jeudi le 13 f\u00e9vrier, la Conf\u00e9rence ferroviaire de Teamsters (CFTC) et Bombardier Transport \u00e0 Montr\u00e9al ont conclu une entente de principe pour renouveler la convention collective de quelque 200 travailleuses et travailleurs.\" \/>\n<meta property=\"og:url\" content=\"https:\/\/teamsters.ca\/fr\/blog\/2020\/02\/17\/le-syndicat-des-teamsters-et-bombardier-transport-concluent-une-entente-de-principe-a-montreal\/\" \/>\n<meta property=\"og:site_name\" content=\"Teamsters Canada\" \/>\n<meta property=\"article:publisher\" content=\"https:\/\/www.facebook.com\/Teamsterscanada\/\" \/>\n<meta property=\"article:published_time\" content=\"2020-02-17T22:41:11+00:00\" \/>\n<meta property=\"article:modified_time\" content=\"2020-02-17T22:48:23+00:00\" \/>\n<meta property=\"og:image\" content=\"https:\/\/teamsters.ca\/wp-content\/uploads\/2020\/02\/AdobeStock_30340375-1024x683.jpeg\" \/>\n\t<meta property=\"og:image:width\" content=\"1024\" \/>\n\t<meta property=\"og:image:height\" content=\"683\" \/>\n\t<meta property=\"og:image:type\" content=\"image\/jpeg\" \/>\n<meta name=\"author\" content=\"St\u00e9phanie Meunier\" \/>\n<meta name=\"twitter:card\" content=\"summary_large_image\" \/>\n<meta name=\"twitter:creator\" content=\"@TeamstersCanada\" \/>\n<meta name=\"twitter:site\" content=\"@TeamstersCanada\" \/>\n<meta name=\"twitter:label1\" content=\"\u00c9crit par\" \/>\n\t<meta name=\"twitter:data1\" content=\"St\u00e9phanie Meunier\" \/>\n\t<meta name=\"twitter:label2\" content=\"Estimation du temps de lecture\" \/>\n\t<meta name=\"twitter:data2\" content=\"1 minute\" \/>\n<script type=\"application\/ld+json\" class=\"yoast-schema-graph\">{\"@context\":\"https:\/\/schema.org\",\"@graph\":[{\"@type\":\"Article\",\"@id\":\"https:\/\/teamsters.ca\/fr\/blog\/2020\/02\/17\/le-syndicat-des-teamsters-et-bombardier-transport-concluent-une-entente-de-principe-a-montreal\/#article\",\"isPartOf\":{\"@id\":\"https:\/\/teamsters.ca\/fr\/blog\/2020\/02\/17\/le-syndicat-des-teamsters-et-bombardier-transport-concluent-une-entente-de-principe-a-montreal\/\"},\"author\":{\"name\":\"St\u00e9phanie Meunier\",\"@id\":\"https:\/\/teamsters.ca\/fr\/#\/schema\/person\/3e6ffefc39fe2f212400b7d8d0a4a0c1\"},\"headline\":\"Le syndicat des Teamsters et Bombardier Transport concluent une entente de principe \u00e0 Montr\u00e9al\",\"datePublished\":\"2020-02-17T22:41:11+00:00\",\"dateModified\":\"2020-02-17T22:48:23+00:00\",\"mainEntityOfPage\":{\"@id\":\"https:\/\/teamsters.ca\/fr\/blog\/2020\/02\/17\/le-syndicat-des-teamsters-et-bombardier-transport-concluent-une-entente-de-principe-a-montreal\/\"},\"wordCount\":181,\"publisher\":{\"@id\":\"https:\/\/teamsters.ca\/fr\/#organization\"},\"image\":{\"@id\":\"https:\/\/teamsters.ca\/fr\/blog\/2020\/02\/17\/le-syndicat-des-teamsters-et-bombardier-transport-concluent-une-entente-de-principe-a-montreal\/#primaryimage\"},\"thumbnailUrl\":\"https:\/\/teamsters.ca\/wp-content\/uploads\/2020\/02\/AdobeStock_30340375.jpeg\",\"keywords\":[\"CFTC\",\"Conf\u00e9rence ferroviaire de Teamsters\",\"Entente de principe\"],\"articleSection\":[\"Nouvelles\"],\"inLanguage\":\"fr-CA\"},{\"@type\":\"WebPage\",\"@id\":\"https:\/\/teamsters.ca\/fr\/blog\/2020\/02\/17\/le-syndicat-des-teamsters-et-bombardier-transport-concluent-une-entente-de-principe-a-montreal\/\",\"url\":\"https:\/\/teamsters.ca\/fr\/blog\/2020\/02\/17\/le-syndicat-des-teamsters-et-bombardier-transport-concluent-une-entente-de-principe-a-montreal\/\",\"name\":\"Le syndicat des Teamsters et Bombardier Transport concluent une entente de principe \u00e0 Montr\u00e9al | Teamsters Canada\",\"isPartOf\":{\"@id\":\"https:\/\/teamsters.ca\/fr\/#website\"},\"primaryImageOfPage\":{\"@id\":\"https:\/\/teamsters.ca\/fr\/blog\/2020\/02\/17\/le-syndicat-des-teamsters-et-bombardier-transport-concluent-une-entente-de-principe-a-montreal\/#primaryimage\"},\"image\":{\"@id\":\"https:\/\/teamsters.ca\/fr\/blog\/2020\/02\/17\/le-syndicat-des-teamsters-et-bombardier-transport-concluent-une-entente-de-principe-a-montreal\/#primaryimage\"},\"thumbnailUrl\":\"https:\/\/teamsters.ca\/wp-content\/uploads\/2020\/02\/AdobeStock_30340375.jpeg\",\"datePublished\":\"2020-02-17T22:41:11+00:00\",\"dateModified\":\"2020-02-17T22:48:23+00:00\",\"breadcrumb\":{\"@id\":\"https:\/\/teamsters.ca\/fr\/blog\/2020\/02\/17\/le-syndicat-des-teamsters-et-bombardier-transport-concluent-une-entente-de-principe-a-montreal\/#breadcrumb\"},\"inLanguage\":\"fr-CA\",\"potentialAction\":[{\"@type\":\"ReadAction\",\"target\":[\"https:\/\/teamsters.ca\/fr\/blog\/2020\/02\/17\/le-syndicat-des-teamsters-et-bombardier-transport-concluent-une-entente-de-principe-a-montreal\/\"]}]},{\"@type\":\"ImageObject\",\"inLanguage\":\"fr-CA\",\"@id\":\"https:\/\/teamsters.ca\/fr\/blog\/2020\/02\/17\/le-syndicat-des-teamsters-et-bombardier-transport-concluent-une-entente-de-principe-a-montreal\/#primaryimage\",\"url\":\"https:\/\/teamsters.ca\/wp-content\/uploads\/2020\/02\/AdobeStock_30340375.jpeg\",\"contentUrl\":\"https:\/\/teamsters.ca\/wp-content\/uploads\/2020\/02\/AdobeStock_30340375.jpeg\",\"width\":3504,\"height\":2336},{\"@type\":\"BreadcrumbList\",\"@id\":\"https:\/\/teamsters.ca\/fr\/blog\/2020\/02\/17\/le-syndicat-des-teamsters-et-bombardier-transport-concluent-une-entente-de-principe-a-montreal\/#breadcrumb\",\"itemListElement\":[{\"@type\":\"ListItem\",\"position\":1,\"name\":\"Home\",\"item\":\"https:\/\/teamsters.ca\/fr\/\"},{\"@type\":\"ListItem\",\"position\":2,\"name\":\"Le syndicat des Teamsters et Bombardier Transport concluent une entente de principe \u00e0 Montr\u00e9al\"}]},{\"@type\":\"WebSite\",\"@id\":\"https:\/\/teamsters.ca\/fr\/#website\",\"url\":\"https:\/\/teamsters.ca\/fr\/\",\"name\":\"Teamsters Canada\",\"description\":\"A Canadian union representing over 125 000 members\",\"publisher\":{\"@id\":\"https:\/\/teamsters.ca\/fr\/#organization\"},\"potentialAction\":[{\"@type\":\"SearchAction\",\"target\":{\"@type\":\"EntryPoint\",\"urlTemplate\":\"https:\/\/teamsters.ca\/fr\/?s={search_term_string}\"},\"query-input\":{\"@type\":\"PropertyValueSpecification\",\"valueRequired\":true,\"valueName\":\"search_term_string\"}}],\"inLanguage\":\"fr-CA\"},{\"@type\":\"Organization\",\"@id\":\"https:\/\/teamsters.ca\/fr\/#organization\",\"name\":\"Teamsters Canada\",\"url\":\"https:\/\/teamsters.ca\/fr\/\",\"logo\":{\"@type\":\"ImageObject\",\"inLanguage\":\"fr-CA\",\"@id\":\"https:\/\/teamsters.ca\/fr\/#\/schema\/logo\/image\/\",\"url\":\"https:\/\/teamsters.ca\/wp-content\/uploads\/2019\/08\/TeamstersCanada.png\",\"contentUrl\":\"https:\/\/teamsters.ca\/wp-content\/uploads\/2019\/08\/TeamstersCanada.png\",\"width\":545,\"height\":181,\"caption\":\"Teamsters Canada\"},\"image\":{\"@id\":\"https:\/\/teamsters.ca\/fr\/#\/schema\/logo\/image\/\"},\"sameAs\":[\"https:\/\/www.facebook.com\/Teamsterscanada\/\",\"https:\/\/x.com\/TeamstersCanada\"]},{\"@type\":\"Person\",\"@id\":\"https:\/\/teamsters.ca\/fr\/#\/schema\/person\/3e6ffefc39fe2f212400b7d8d0a4a0c1\",\"name\":\"St\u00e9phanie Meunier\",\"image\":{\"@type\":\"ImageObject\",\"inLanguage\":\"fr-CA\",\"@id\":\"https:\/\/teamsters.ca\/fr\/#\/schema\/person\/image\/\",\"url\":\"https:\/\/secure.gravatar.com\/avatar\/e4e8404e91ed71cb473fa2708849669810cf083c89825a3d2dd0d47dd6b2be77?s=96&d=mm&r=g\",\"contentUrl\":\"https:\/\/secure.gravatar.com\/avatar\/e4e8404e91ed71cb473fa2708849669810cf083c89825a3d2dd0d47dd6b2be77?s=96&d=mm&r=g\",\"caption\":\"St\u00e9phanie Meunier\"},\"url\":\"https:\/\/teamsters.ca\/fr\/blog\/author\/smeunier\/\"}]}<\/script>\n<!-- \/ Yoast SEO Premium plugin. -->","yoast_head_json":{"title":"Le syndicat des Teamsters et Bombardier Transport concluent une entente de principe \u00e0 Montr\u00e9al | Teamsters Canada","robots":{"index":"index","follow":"follow","max-snippet":"max-snippet:-1","max-image-preview":"max-image-preview:large","max-video-preview":"max-video-preview:-1"},"canonical":"https:\/\/teamsters.ca\/fr\/blog\/2020\/02\/17\/le-syndicat-des-teamsters-et-bombardier-transport-concluent-une-entente-de-principe-a-montreal\/","og_locale":"fr_CA","og_type":"article","og_title":"Le syndicat des Teamsters et Bombardier Transport concluent une entente de principe \u00e0 Montr\u00e9al","og_description":"Jeudi le 13 f\u00e9vrier, la Conf\u00e9rence ferroviaire de Teamsters (CFTC) et Bombardier Transport \u00e0 Montr\u00e9al ont conclu une entente de principe pour renouveler la convention collective de quelque 200 travailleuses et travailleurs.","og_url":"https:\/\/teamsters.ca\/fr\/blog\/2020\/02\/17\/le-syndicat-des-teamsters-et-bombardier-transport-concluent-une-entente-de-principe-a-montreal\/","og_site_name":"Teamsters Canada","article_publisher":"https:\/\/www.facebook.com\/Teamsterscanada\/","article_published_time":"2020-02-17T22:41:11+00:00","article_modified_time":"2020-02-17T22:48:23+00:00","og_image":[{"width":1024,"height":683,"url":"https:\/\/teamsters.ca\/wp-content\/uploads\/2020\/02\/AdobeStock_30340375-1024x683.jpeg","type":"image\/jpeg"}],"author":"St\u00e9phanie Meunier","twitter_card":"summary_large_image","twitter_creator":"@TeamstersCanada","twitter_site":"@TeamstersCanada","twitter_misc":{"\u00c9crit par":"St\u00e9phanie Meunier","Estimation du temps de lecture":"1 minute"},"schema":{"@context":"https:\/\/schema.org","@graph":[{"@type":"Article","@id":"https:\/\/teamsters.ca\/fr\/blog\/2020\/02\/17\/le-syndicat-des-teamsters-et-bombardier-transport-concluent-une-entente-de-principe-a-montreal\/#article","isPartOf":{"@id":"https:\/\/teamsters.ca\/fr\/blog\/2020\/02\/17\/le-syndicat-des-teamsters-et-bombardier-transport-concluent-une-entente-de-principe-a-montreal\/"},"author":{"name":"St\u00e9phanie Meunier","@id":"https:\/\/teamsters.ca\/fr\/#\/schema\/person\/3e6ffefc39fe2f212400b7d8d0a4a0c1"},"headline":"Le syndicat des Teamsters et Bombardier Transport concluent une entente de principe \u00e0 Montr\u00e9al","datePublished":"2020-02-17T22:41:11+00:00","dateModified":"2020-02-17T22:48:23+00:00","mainEntityOfPage":{"@id":"https:\/\/teamsters.ca\/fr\/blog\/2020\/02\/17\/le-syndicat-des-teamsters-et-bombardier-transport-concluent-une-entente-de-principe-a-montreal\/"},"wordCount":181,"publisher":{"@id":"https:\/\/teamsters.ca\/fr\/#organization"},"image":{"@id":"https:\/\/teamsters.ca\/fr\/blog\/2020\/02\/17\/le-syndicat-des-teamsters-et-bombardier-transport-concluent-une-entente-de-principe-a-montreal\/#primaryimage"},"thumbnailUrl":"https:\/\/teamsters.ca\/wp-content\/uploads\/2020\/02\/AdobeStock_30340375.jpeg","keywords":["CFTC","Conf\u00e9rence ferroviaire de Teamsters","Entente de principe"],"articleSection":["Nouvelles"],"inLanguage":"fr-CA"},{"@type":"WebPage","@id":"https:\/\/teamsters.ca\/fr\/blog\/2020\/02\/17\/le-syndicat-des-teamsters-et-bombardier-transport-concluent-une-entente-de-principe-a-montreal\/","url":"https:\/\/teamsters.ca\/fr\/blog\/2020\/02\/17\/le-syndicat-des-teamsters-et-bombardier-transport-concluent-une-entente-de-principe-a-montreal\/","name":"Le syndicat des Teamsters et Bombardier Transport concluent une entente de principe \u00e0 Montr\u00e9al | Teamsters Canada","isPartOf":{"@id":"https:\/\/teamsters.ca\/fr\/#website"},"primaryImageOfPage":{"@id":"https:\/\/teamsters.ca\/fr\/blog\/2020\/02\/17\/le-syndicat-des-teamsters-et-bombardier-transport-concluent-une-entente-de-principe-a-montreal\/#primaryimage"},"image":{"@id":"https:\/\/teamsters.ca\/fr\/blog\/2020\/02\/17\/le-syndicat-des-teamsters-et-bombardier-transport-concluent-une-entente-de-principe-a-montreal\/#primaryimage"},"thumbnailUrl":"https:\/\/teamsters.ca\/wp-content\/uploads\/2020\/02\/AdobeStock_30340375.jpeg","datePublished":"2020-02-17T22:41:11+00:00","dateModified":"2020-02-17T22:48:23+00:00","breadcrumb":{"@id":"https:\/\/teamsters.ca\/fr\/blog\/2020\/02\/17\/le-syndicat-des-teamsters-et-bombardier-transport-concluent-une-entente-de-principe-a-montreal\/#breadcrumb"},"inLanguage":"fr-CA","potentialAction":[{"@type":"ReadAction","target":["https:\/\/teamsters.ca\/fr\/blog\/2020\/02\/17\/le-syndicat-des-teamsters-et-bombardier-transport-concluent-une-entente-de-principe-a-montreal\/"]}]},{"@type":"ImageObject","inLanguage":"fr-CA","@id":"https:\/\/teamsters.ca\/fr\/blog\/2020\/02\/17\/le-syndicat-des-teamsters-et-bombardier-transport-concluent-une-entente-de-principe-a-montreal\/#primaryimage","url":"https:\/\/teamsters.ca\/wp-content\/uploads\/2020\/02\/AdobeStock_30340375.jpeg","contentUrl":"https:\/\/teamsters.ca\/wp-content\/uploads\/2020\/02\/AdobeStock_30340375.jpeg","width":3504,"height":2336},{"@type":"BreadcrumbList","@id":"https:\/\/teamsters.ca\/fr\/blog\/2020\/02\/17\/le-syndicat-des-teamsters-et-bombardier-transport-concluent-une-entente-de-principe-a-montreal\/#breadcrumb","itemListElement":[{"@type":"ListItem","position":1,"name":"Home","item":"https:\/\/teamsters.ca\/fr\/"},{"@type":"ListItem","position":2,"name":"Le syndicat des Teamsters et Bombardier Transport concluent une entente de principe \u00e0 Montr\u00e9al"}]},{"@type":"WebSite","@id":"https:\/\/teamsters.ca\/fr\/#website","url":"https:\/\/teamsters.ca\/fr\/","name":"Teamsters Canada","description":"A Canadian union representing over 125 000 members","publisher":{"@id":"https:\/\/teamsters.ca\/fr\/#organization"},"potentialAction":[{"@type":"SearchAction","target":{"@type":"EntryPoint","urlTemplate":"https:\/\/teamsters.ca\/fr\/?s={search_term_string}"},"query-input":{"@type":"PropertyValueSpecification","valueRequired":true,"valueName":"search_term_string"}}],"inLanguage":"fr-CA"},{"@type":"Organization","@id":"https:\/\/teamsters.ca\/fr\/#organization","name":"Teamsters Canada","url":"https:\/\/teamsters.ca\/fr\/","logo":{"@type":"ImageObject","inLanguage":"fr-CA","@id":"https:\/\/teamsters.ca\/fr\/#\/schema\/logo\/image\/","url":"https:\/\/teamsters.ca\/wp-content\/uploads\/2019\/08\/TeamstersCanada.png","contentUrl":"https:\/\/teamsters.ca\/wp-content\/uploads\/2019\/08\/TeamstersCanada.png","width":545,"height":181,"caption":"Teamsters Canada"},"image":{"@id":"https:\/\/teamsters.ca\/fr\/#\/schema\/logo\/image\/"},"sameAs":["https:\/\/www.facebook.com\/Teamsterscanada\/","https:\/\/x.com\/TeamstersCanada"]},{"@type":"Person","@id":"https:\/\/teamsters.ca\/fr\/#\/schema\/person\/3e6ffefc39fe2f212400b7d8d0a4a0c1","name":"St\u00e9phanie Meunier","image":{"@type":"ImageObject","inLanguage":"fr-CA","@id":"https:\/\/teamsters.ca\/fr\/#\/schema\/person\/image\/","url":"https:\/\/secure.gravatar.com\/avatar\/e4e8404e91ed71cb473fa2708849669810cf083c89825a3d2dd0d47dd6b2be77?s=96&d=mm&r=g","contentUrl":"https:\/\/secure.gravatar.com\/avatar\/e4e8404e91ed71cb473fa2708849669810cf083c89825a3d2dd0d47dd6b2be77?s=96&d=mm&r=g","caption":"St\u00e9phanie Meunier"},"url":"https:\/\/teamsters.ca\/fr\/blog\/author\/smeunier\/"}]}},"_links":{"self":[{"href":"https:\/\/teamsters.ca\/fr\/wp-json\/wp\/v2\/posts\/16939","targetHints":{"allow":["GET"]}}],"collection":[{"href":"https:\/\/teamsters.ca\/fr\/wp-json\/wp\/v2\/posts"}],"about":[{"href":"https:\/\/teamsters.ca\/fr\/wp-json\/wp\/v2\/types\/post"}],"author":[{"embeddable":true,"href":"https:\/\/teamsters.ca\/fr\/wp-json\/wp\/v2\/users\/8"}],"replies":[{"embeddable":true,"href":"https:\/\/teamsters.ca\/fr\/wp-json\/wp\/v2\/comments?post=16939"}],"version-history":[{"count":2,"href":"https:\/\/teamsters.ca\/fr\/wp-json\/wp\/v2\/posts\/16939\/revisions"}],"predecessor-version":[{"id":16946,"href":"https:\/\/teamsters.ca\/fr\/wp-json\/wp\/v2\/posts\/16939\/revisions\/16946"}],"wp:featuredmedia":[{"embeddable":true,"href":"https:\/\/teamsters.ca\/fr\/wp-json\/wp\/v2\/media\/16944"}],"wp:attachment":[{"href":"https:\/\/teamsters.ca\/fr\/wp-json\/wp\/v2\/media?parent=16939"}],"wp:term":[{"taxonomy":"category","embeddable":true,"href":"https:\/\/teamsters.ca\/fr\/wp-json\/wp\/v2\/categories?post=16939"},{"taxonomy":"post_tag","embeddable":true,"href":"https:\/\/teamsters.ca\/fr\/wp-json\/wp\/v2\/tags?post=16939"}],"curies":[{"name":"wp","href":"https:\/\/api.w.org\/{rel}","templated":true}]}}