{"id":16758,"date":"2019-11-23T12:21:57","date_gmt":"2019-11-23T17:21:57","guid":{"rendered":"http:\/\/teamsters.ca\/?p=16758"},"modified":"2019-11-23T12:22:36","modified_gmt":"2019-11-23T17:22:36","slug":"hebergement-pour-aines-message-du-syndicat-des-teamsters-a-la-ministre-de-la-sante","status":"publish","type":"post","link":"https:\/\/teamsters.ca\/fr\/blog\/2019\/11\/23\/hebergement-pour-aines-message-du-syndicat-des-teamsters-a-la-ministre-de-la-sante\/","title":{"rendered":"H\u00e9bergement pour a\u00een\u00e9s : message du syndicat des Teamsters \u00e0 la ministre de la Sant\u00e9"},"content":{"rendered":"\n<p><strong>Madame la ministre de la Sant\u00e9,<\/strong><\/p>\n\n\n\n<p>Les histoires d\u2019horreur rapport\u00e9es au cours des derniers mois dans les m\u00e9dias concernant la qualit\u00e9 des soins dans les CHSLD et r\u00e9sidences priv\u00e9es pour a\u00een\u00e9s ne nous ont pas surpris. En fait, on s\u2019\u00e9tonne presque qu\u2019elles ne soient pas plus nombreuses.<\/p>\n\n\n\n<p>Ces trag\u00e9dies humaines prennent essentiellement leur source dans ce qu\u2019on appelle au syndicat des Teamsters \u00ab&nbsp;la maltraitance syst\u00e9mique&nbsp;\u00bb&nbsp;que subissent les a\u00een\u00e9s. Cette maltraitance prend mille formes et n\u2019a rien \u00e0 voir, ni de pr\u00e8s ni de loin, avec le d\u00e9vouement de nos travailleurs et travailleuses, mais plut\u00f4t avec un syst\u00e8me qui nous appara\u00eet inhumain.<\/p>\n\n\n\n<p>Saviez-vous que le personnel de ces \u00e9tablissements a rarement le temps de nettoyer les proth\u00e8ses dentaires des r\u00e9sidents? Que les repas sont souvent servis au lit? Que la toilette partielle est monnaie courante? Que des employ\u00e9s d\u2019agence remplacent jusqu\u2019\u00e0 50&nbsp;% d\u2019absents sur les \u00e9quipes de travail et que ces rempla\u00e7ants cr\u00e9ent de l\u2019ins\u00e9curit\u00e9 chez les personnes \u00e2g\u00e9es parce qu\u2019elles ne les connaissent pas?<\/p>\n\n\n\n<p>Saviez-vous que les travailleurs (qui sont d\u00e9bord\u00e9s) doivent jouer aux gardiens de s\u00e9curit\u00e9 avec des patients souffrant de pertes cognitives? Que des gens lourdement handicap\u00e9s ont besoin de temps, d\u2019attention et de soins, mais que le trop grand nombre de cas lourds emp\u00eachent nos membres de s\u2019en occuper ad\u00e9quatement? Que les besoins des a\u00een\u00e9s sont souvent sous-\u00e9valu\u00e9s avant leur admission dans les \u00e9tablissements?<\/p>\n\n\n\n<p>Saviez-vous que le temps suppl\u00e9mentaire obligatoire est devenu la norme plut\u00f4t que l\u2019exception? Qu\u2019une proportion alarmante de salari\u00e9s-\u00e9es quittent l\u2019industrie ou prennent des cong\u00e9s d\u2019invalidit\u00e9? Qu\u2019il y a de plus en plus d\u2019absents dans les \u00e9quipes de travail et que par cons\u00e9quent, ceux qui sont au travail doivent accomplir leurs t\u00e2ches encore plus vite?<\/p>\n\n\n\n<p>C\u2019est le contexte avec lequel nos membres \u2013 ainsi que l\u2019ensemble des travailleurs et travailleuses dans les \u00e9tablissements priv\u00e9s au Qu\u00e9bec \u2013 doivent composer. Et cette \u00e9num\u00e9ration n\u2019est qu\u2019un aper\u00e7u de ce que ces travailleurs vivent quotidiennement. \u00c0 cela, s\u2019ajoutent des conditions de travail ex\u00e9crables.<\/p>\n\n\n\n<p>Prenons l\u2019exemple typique d\u2019un pr\u00e9pos\u00e9 aux b\u00e9n\u00e9ficiaires. Dans le priv\u00e9, il n\u2019est pas rare que celui-ci gagne autour de 14 $\/h. Dans le public, il pourra gagner jusqu\u2019\u00e0 8 $\/h de plus.<\/p>\n\n\n\n<p><strong>Je r\u00e9p\u00e8te : 8 $\/h de plus pour exactement le m\u00eame travail!<\/strong><\/p>\n\n\n\n<p>Ces importantes disparit\u00e9s salariales, l\u2019incapacit\u00e9 de pouvoir passer plus de temps avec les r\u00e9sidents et la fatigue due \u00e0 la surcharge de travail ont des cons\u00e9quences sur le taux de r\u00e9tention et sur la capacit\u00e9 d\u2019attirer de nouveaux travailleurs dans ce secteur d\u2019activit\u00e9s.<\/p>\n\n\n\n<p>Vous vous en doutez, ces enjeux ont aussi des impacts imm\u00e9diats et mesurables sur la qualit\u00e9 de vie des a\u00een\u00e9s.<\/p>\n\n\n\n<p>Nous avons rencontr\u00e9 votre coll\u00e8gue Marguerite Blais et des repr\u00e9sentants du minist\u00e8re du Travail au cours des derniers mois. Notre message a \u00e9t\u00e9 clair, net et pr\u00e9cis : le gouvernement doit d\u00e9cr\u00e9ter les conditions de tous les travailleurs-euses du priv\u00e9 pour qu\u2019elles soient \u00e9quivalentes&nbsp;\u00e0 celles de leurs confr\u00e8res et consoeurs au public. Ainsi, on pourra esp\u00e9rer faire \u00e9chec au manque de main-d\u2019oeuvre et, par cons\u00e9quent, donner de meilleurs services aux personnes \u00e2g\u00e9es.<\/p>\n\n\n\n<p><strong>Nous attendons encore une r\u00e9ponse de leur part.<\/strong><\/p>\n\n\n\n<p>Deux options se pr\u00e9sentent \u00e0 vous, madame la ministre : traiter les travailleurs-euses du priv\u00e9 d\u00e9cemment ou laisser la situation empirer. Ce faisant, on tol\u00e8re un syst\u00e8me \u00e0 deux vitesses o\u00f9&nbsp;les moins nantis iront passer les derniers jours de leur vie dans des \u00e9tablissements priv\u00e9s o\u00f9&nbsp;les services seront limit\u00e9s et o\u00f9&nbsp;les plus riches pourront se payer les meilleurs soins.<\/p>\n\n\n\n<p><strong>\u00c0 vous de d\u00e9cider madame la ministre. Est-ce le genre de soci\u00e9t\u00e9 dans laquelle vous d\u00e9sirez vivre?<\/strong><\/p>\n\n\n\n<figure class=\"wp-block-image is-resized\"><img loading=\"lazy\" decoding=\"async\" src=\"https:\/\/teamsters.ca\/wp-content\/uploads\/2019\/11\/Unknown-1-574x1024.jpeg\" alt=\"\" class=\"wp-image-16763\" width=\"782\" height=\"1395\" srcset=\"https:\/\/teamsters.ca\/wp-content\/uploads\/2019\/11\/Unknown-1-574x1024.jpeg 574w, https:\/\/teamsters.ca\/wp-content\/uploads\/2019\/11\/Unknown-1-84x150.jpeg 84w, https:\/\/teamsters.ca\/wp-content\/uploads\/2019\/11\/Unknown-1-168x300.jpeg 168w, https:\/\/teamsters.ca\/wp-content\/uploads\/2019\/11\/Unknown-1-696x1241.jpeg 696w, https:\/\/teamsters.ca\/wp-content\/uploads\/2019\/11\/Unknown-1-236x420.jpeg 236w, https:\/\/teamsters.ca\/wp-content\/uploads\/2019\/11\/Unknown-1.jpeg 718w\" sizes=\"auto, (max-width: 782px) 100vw, 782px\" \/><\/figure>\n","protected":false},"excerpt":{"rendered":"<p>Madame la ministre de la Sant\u00e9, Les histoires d\u2019horreur rapport\u00e9es au cours des derniers mois dans les m\u00e9dias concernant la qualit\u00e9 des soins dans les CHSLD et r\u00e9sidences priv\u00e9es pour a\u00een\u00e9s ne nous ont pas surpris. En fait, on s\u2019\u00e9tonne presque qu\u2019elles ne soient pas plus nombreuses. Ces trag\u00e9dies humaines prennent essentiellement leur source dans [&hellip;]<\/p>\n","protected":false},"author":8,"featured_media":16761,"comment_status":"closed","ping_status":"closed","sticky":false,"template":"","format":"standard","meta":{"ngg_post_thumbnail":0,"mc4wp_mailchimp_campaign":[],"footnotes":""},"categories":[1908,1114],"tags":[1909,664,666,2341],"class_list":{"0":"post-16758","1":"post","2":"type-post","3":"status-publish","4":"format-standard","5":"has-post-thumbnail","7":"category-chsld","8":"category-nouvelles","9":"tag-aines","10":"tag-chsld","11":"tag-marguerite-blais","12":"tag-residences"},"yoast_head":"<!-- This site is optimized with the Yoast SEO Premium plugin v25.5 (Yoast SEO v25.5) - https:\/\/yoast.com\/wordpress\/plugins\/seo\/ -->\n<title>H\u00e9bergement pour a\u00een\u00e9s : message du syndicat des Teamsters \u00e0 la ministre de la Sant\u00e9 | Teamsters Canada<\/title>\n<meta name=\"robots\" content=\"index, follow, max-snippet:-1, max-image-preview:large, max-video-preview:-1\" \/>\n<link rel=\"canonical\" href=\"https:\/\/teamsters.ca\/fr\/blog\/2019\/11\/23\/hebergement-pour-aines-message-du-syndicat-des-teamsters-a-la-ministre-de-la-sante\/\" \/>\n<meta property=\"og:locale\" content=\"fr_CA\" \/>\n<meta property=\"og:type\" content=\"article\" \/>\n<meta property=\"og:title\" content=\"H\u00e9bergement pour a\u00een\u00e9s : message du syndicat des Teamsters \u00e0 la ministre de la Sant\u00e9\" \/>\n<meta property=\"og:description\" content=\"Madame la ministre de la Sant\u00e9, Les histoires d\u2019horreur rapport\u00e9es au cours des derniers mois dans les m\u00e9dias concernant la qualit\u00e9 des soins dans les CHSLD et r\u00e9sidences priv\u00e9es pour a\u00een\u00e9s ne nous ont pas surpris. En fait, on s\u2019\u00e9tonne presque qu\u2019elles ne soient pas plus nombreuses. Ces trag\u00e9dies humaines prennent essentiellement leur source dans [&hellip;]\" \/>\n<meta property=\"og:url\" content=\"https:\/\/teamsters.ca\/fr\/blog\/2019\/11\/23\/hebergement-pour-aines-message-du-syndicat-des-teamsters-a-la-ministre-de-la-sante\/\" \/>\n<meta property=\"og:site_name\" content=\"Teamsters Canada\" \/>\n<meta property=\"article:publisher\" content=\"https:\/\/www.facebook.com\/Teamsterscanada\/\" \/>\n<meta property=\"article:published_time\" content=\"2019-11-23T17:21:57+00:00\" \/>\n<meta property=\"article:modified_time\" content=\"2019-11-23T17:22:36+00:00\" \/>\n<meta property=\"og:image\" content=\"https:\/\/teamsters.ca\/wp-content\/uploads\/2019\/11\/monas_1-1.jpg\" \/>\n\t<meta property=\"og:image:width\" content=\"1166\" \/>\n\t<meta property=\"og:image:height\" content=\"768\" \/>\n\t<meta property=\"og:image:type\" content=\"image\/jpeg\" \/>\n<meta name=\"author\" content=\"St\u00e9phanie Meunier\" \/>\n<meta name=\"twitter:card\" content=\"summary_large_image\" \/>\n<meta name=\"twitter:creator\" content=\"@TeamstersCanada\" \/>\n<meta name=\"twitter:site\" content=\"@TeamstersCanada\" \/>\n<meta name=\"twitter:label1\" content=\"\u00c9crit par\" \/>\n\t<meta name=\"twitter:data1\" content=\"St\u00e9phanie Meunier\" \/>\n\t<meta name=\"twitter:label2\" content=\"Estimation du temps de lecture\" \/>\n\t<meta name=\"twitter:data2\" content=\"3 minutes\" \/>\n<script type=\"application\/ld+json\" class=\"yoast-schema-graph\">{\"@context\":\"https:\/\/schema.org\",\"@graph\":[{\"@type\":\"Article\",\"@id\":\"https:\/\/teamsters.ca\/fr\/blog\/2019\/11\/23\/hebergement-pour-aines-message-du-syndicat-des-teamsters-a-la-ministre-de-la-sante\/#article\",\"isPartOf\":{\"@id\":\"https:\/\/teamsters.ca\/fr\/blog\/2019\/11\/23\/hebergement-pour-aines-message-du-syndicat-des-teamsters-a-la-ministre-de-la-sante\/\"},\"author\":{\"name\":\"St\u00e9phanie Meunier\",\"@id\":\"https:\/\/teamsters.ca\/fr\/#\/schema\/person\/3e6ffefc39fe2f212400b7d8d0a4a0c1\"},\"headline\":\"H\u00e9bergement pour a\u00een\u00e9s : message du syndicat des Teamsters \u00e0 la ministre de la Sant\u00e9\",\"datePublished\":\"2019-11-23T17:21:57+00:00\",\"dateModified\":\"2019-11-23T17:22:36+00:00\",\"mainEntityOfPage\":{\"@id\":\"https:\/\/teamsters.ca\/fr\/blog\/2019\/11\/23\/hebergement-pour-aines-message-du-syndicat-des-teamsters-a-la-ministre-de-la-sante\/\"},\"wordCount\":710,\"publisher\":{\"@id\":\"https:\/\/teamsters.ca\/fr\/#organization\"},\"image\":{\"@id\":\"https:\/\/teamsters.ca\/fr\/blog\/2019\/11\/23\/hebergement-pour-aines-message-du-syndicat-des-teamsters-a-la-ministre-de-la-sante\/#primaryimage\"},\"thumbnailUrl\":\"https:\/\/teamsters.ca\/wp-content\/uploads\/2019\/11\/monas_1-1.jpg\",\"keywords\":[\"a\u00een\u00e9s\",\"CHSLD\",\"Marguerite Blais\",\"r\u00e9sidences\"],\"articleSection\":[\"CHSLD\",\"Nouvelles\"],\"inLanguage\":\"fr-CA\"},{\"@type\":\"WebPage\",\"@id\":\"https:\/\/teamsters.ca\/fr\/blog\/2019\/11\/23\/hebergement-pour-aines-message-du-syndicat-des-teamsters-a-la-ministre-de-la-sante\/\",\"url\":\"https:\/\/teamsters.ca\/fr\/blog\/2019\/11\/23\/hebergement-pour-aines-message-du-syndicat-des-teamsters-a-la-ministre-de-la-sante\/\",\"name\":\"H\u00e9bergement pour a\u00een\u00e9s : message du syndicat des Teamsters \u00e0 la ministre de la Sant\u00e9 | Teamsters Canada\",\"isPartOf\":{\"@id\":\"https:\/\/teamsters.ca\/fr\/#website\"},\"primaryImageOfPage\":{\"@id\":\"https:\/\/teamsters.ca\/fr\/blog\/2019\/11\/23\/hebergement-pour-aines-message-du-syndicat-des-teamsters-a-la-ministre-de-la-sante\/#primaryimage\"},\"image\":{\"@id\":\"https:\/\/teamsters.ca\/fr\/blog\/2019\/11\/23\/hebergement-pour-aines-message-du-syndicat-des-teamsters-a-la-ministre-de-la-sante\/#primaryimage\"},\"thumbnailUrl\":\"https:\/\/teamsters.ca\/wp-content\/uploads\/2019\/11\/monas_1-1.jpg\",\"datePublished\":\"2019-11-23T17:21:57+00:00\",\"dateModified\":\"2019-11-23T17:22:36+00:00\",\"breadcrumb\":{\"@id\":\"https:\/\/teamsters.ca\/fr\/blog\/2019\/11\/23\/hebergement-pour-aines-message-du-syndicat-des-teamsters-a-la-ministre-de-la-sante\/#breadcrumb\"},\"inLanguage\":\"fr-CA\",\"potentialAction\":[{\"@type\":\"ReadAction\",\"target\":[\"https:\/\/teamsters.ca\/fr\/blog\/2019\/11\/23\/hebergement-pour-aines-message-du-syndicat-des-teamsters-a-la-ministre-de-la-sante\/\"]}]},{\"@type\":\"ImageObject\",\"inLanguage\":\"fr-CA\",\"@id\":\"https:\/\/teamsters.ca\/fr\/blog\/2019\/11\/23\/hebergement-pour-aines-message-du-syndicat-des-teamsters-a-la-ministre-de-la-sante\/#primaryimage\",\"url\":\"https:\/\/teamsters.ca\/wp-content\/uploads\/2019\/11\/monas_1-1.jpg\",\"contentUrl\":\"https:\/\/teamsters.ca\/wp-content\/uploads\/2019\/11\/monas_1-1.jpg\",\"width\":1166,\"height\":768},{\"@type\":\"BreadcrumbList\",\"@id\":\"https:\/\/teamsters.ca\/fr\/blog\/2019\/11\/23\/hebergement-pour-aines-message-du-syndicat-des-teamsters-a-la-ministre-de-la-sante\/#breadcrumb\",\"itemListElement\":[{\"@type\":\"ListItem\",\"position\":1,\"name\":\"Home\",\"item\":\"https:\/\/teamsters.ca\/fr\/\"},{\"@type\":\"ListItem\",\"position\":2,\"name\":\"H\u00e9bergement pour a\u00een\u00e9s : message du syndicat des Teamsters \u00e0 la ministre de la Sant\u00e9\"}]},{\"@type\":\"WebSite\",\"@id\":\"https:\/\/teamsters.ca\/fr\/#website\",\"url\":\"https:\/\/teamsters.ca\/fr\/\",\"name\":\"Teamsters Canada\",\"description\":\"A Canadian union representing over 125 000 members\",\"publisher\":{\"@id\":\"https:\/\/teamsters.ca\/fr\/#organization\"},\"potentialAction\":[{\"@type\":\"SearchAction\",\"target\":{\"@type\":\"EntryPoint\",\"urlTemplate\":\"https:\/\/teamsters.ca\/fr\/?s={search_term_string}\"},\"query-input\":{\"@type\":\"PropertyValueSpecification\",\"valueRequired\":true,\"valueName\":\"search_term_string\"}}],\"inLanguage\":\"fr-CA\"},{\"@type\":\"Organization\",\"@id\":\"https:\/\/teamsters.ca\/fr\/#organization\",\"name\":\"Teamsters Canada\",\"url\":\"https:\/\/teamsters.ca\/fr\/\",\"logo\":{\"@type\":\"ImageObject\",\"inLanguage\":\"fr-CA\",\"@id\":\"https:\/\/teamsters.ca\/fr\/#\/schema\/logo\/image\/\",\"url\":\"https:\/\/teamsters.ca\/wp-content\/uploads\/2019\/08\/TeamstersCanada.png\",\"contentUrl\":\"https:\/\/teamsters.ca\/wp-content\/uploads\/2019\/08\/TeamstersCanada.png\",\"width\":545,\"height\":181,\"caption\":\"Teamsters Canada\"},\"image\":{\"@id\":\"https:\/\/teamsters.ca\/fr\/#\/schema\/logo\/image\/\"},\"sameAs\":[\"https:\/\/www.facebook.com\/Teamsterscanada\/\",\"https:\/\/x.com\/TeamstersCanada\"]},{\"@type\":\"Person\",\"@id\":\"https:\/\/teamsters.ca\/fr\/#\/schema\/person\/3e6ffefc39fe2f212400b7d8d0a4a0c1\",\"name\":\"St\u00e9phanie Meunier\",\"image\":{\"@type\":\"ImageObject\",\"inLanguage\":\"fr-CA\",\"@id\":\"https:\/\/teamsters.ca\/fr\/#\/schema\/person\/image\/\",\"url\":\"https:\/\/secure.gravatar.com\/avatar\/e4e8404e91ed71cb473fa2708849669810cf083c89825a3d2dd0d47dd6b2be77?s=96&d=mm&r=g\",\"contentUrl\":\"https:\/\/secure.gravatar.com\/avatar\/e4e8404e91ed71cb473fa2708849669810cf083c89825a3d2dd0d47dd6b2be77?s=96&d=mm&r=g\",\"caption\":\"St\u00e9phanie Meunier\"},\"url\":\"https:\/\/teamsters.ca\/fr\/blog\/author\/smeunier\/\"}]}<\/script>\n<!-- \/ Yoast SEO Premium plugin. -->","yoast_head_json":{"title":"H\u00e9bergement pour a\u00een\u00e9s : message du syndicat des Teamsters \u00e0 la ministre de la Sant\u00e9 | Teamsters Canada","robots":{"index":"index","follow":"follow","max-snippet":"max-snippet:-1","max-image-preview":"max-image-preview:large","max-video-preview":"max-video-preview:-1"},"canonical":"https:\/\/teamsters.ca\/fr\/blog\/2019\/11\/23\/hebergement-pour-aines-message-du-syndicat-des-teamsters-a-la-ministre-de-la-sante\/","og_locale":"fr_CA","og_type":"article","og_title":"H\u00e9bergement pour a\u00een\u00e9s : message du syndicat des Teamsters \u00e0 la ministre de la Sant\u00e9","og_description":"Madame la ministre de la Sant\u00e9, Les histoires d\u2019horreur rapport\u00e9es au cours des derniers mois dans les m\u00e9dias concernant la qualit\u00e9 des soins dans les CHSLD et r\u00e9sidences priv\u00e9es pour a\u00een\u00e9s ne nous ont pas surpris. En fait, on s\u2019\u00e9tonne presque qu\u2019elles ne soient pas plus nombreuses. Ces trag\u00e9dies humaines prennent essentiellement leur source dans [&hellip;]","og_url":"https:\/\/teamsters.ca\/fr\/blog\/2019\/11\/23\/hebergement-pour-aines-message-du-syndicat-des-teamsters-a-la-ministre-de-la-sante\/","og_site_name":"Teamsters Canada","article_publisher":"https:\/\/www.facebook.com\/Teamsterscanada\/","article_published_time":"2019-11-23T17:21:57+00:00","article_modified_time":"2019-11-23T17:22:36+00:00","og_image":[{"width":1166,"height":768,"url":"https:\/\/teamsters.ca\/wp-content\/uploads\/2019\/11\/monas_1-1.jpg","type":"image\/jpeg"}],"author":"St\u00e9phanie Meunier","twitter_card":"summary_large_image","twitter_creator":"@TeamstersCanada","twitter_site":"@TeamstersCanada","twitter_misc":{"\u00c9crit par":"St\u00e9phanie Meunier","Estimation du temps de lecture":"3 minutes"},"schema":{"@context":"https:\/\/schema.org","@graph":[{"@type":"Article","@id":"https:\/\/teamsters.ca\/fr\/blog\/2019\/11\/23\/hebergement-pour-aines-message-du-syndicat-des-teamsters-a-la-ministre-de-la-sante\/#article","isPartOf":{"@id":"https:\/\/teamsters.ca\/fr\/blog\/2019\/11\/23\/hebergement-pour-aines-message-du-syndicat-des-teamsters-a-la-ministre-de-la-sante\/"},"author":{"name":"St\u00e9phanie Meunier","@id":"https:\/\/teamsters.ca\/fr\/#\/schema\/person\/3e6ffefc39fe2f212400b7d8d0a4a0c1"},"headline":"H\u00e9bergement pour a\u00een\u00e9s : message du syndicat des Teamsters \u00e0 la ministre de la Sant\u00e9","datePublished":"2019-11-23T17:21:57+00:00","dateModified":"2019-11-23T17:22:36+00:00","mainEntityOfPage":{"@id":"https:\/\/teamsters.ca\/fr\/blog\/2019\/11\/23\/hebergement-pour-aines-message-du-syndicat-des-teamsters-a-la-ministre-de-la-sante\/"},"wordCount":710,"publisher":{"@id":"https:\/\/teamsters.ca\/fr\/#organization"},"image":{"@id":"https:\/\/teamsters.ca\/fr\/blog\/2019\/11\/23\/hebergement-pour-aines-message-du-syndicat-des-teamsters-a-la-ministre-de-la-sante\/#primaryimage"},"thumbnailUrl":"https:\/\/teamsters.ca\/wp-content\/uploads\/2019\/11\/monas_1-1.jpg","keywords":["a\u00een\u00e9s","CHSLD","Marguerite Blais","r\u00e9sidences"],"articleSection":["CHSLD","Nouvelles"],"inLanguage":"fr-CA"},{"@type":"WebPage","@id":"https:\/\/teamsters.ca\/fr\/blog\/2019\/11\/23\/hebergement-pour-aines-message-du-syndicat-des-teamsters-a-la-ministre-de-la-sante\/","url":"https:\/\/teamsters.ca\/fr\/blog\/2019\/11\/23\/hebergement-pour-aines-message-du-syndicat-des-teamsters-a-la-ministre-de-la-sante\/","name":"H\u00e9bergement pour a\u00een\u00e9s : message du syndicat des Teamsters \u00e0 la ministre de la Sant\u00e9 | Teamsters Canada","isPartOf":{"@id":"https:\/\/teamsters.ca\/fr\/#website"},"primaryImageOfPage":{"@id":"https:\/\/teamsters.ca\/fr\/blog\/2019\/11\/23\/hebergement-pour-aines-message-du-syndicat-des-teamsters-a-la-ministre-de-la-sante\/#primaryimage"},"image":{"@id":"https:\/\/teamsters.ca\/fr\/blog\/2019\/11\/23\/hebergement-pour-aines-message-du-syndicat-des-teamsters-a-la-ministre-de-la-sante\/#primaryimage"},"thumbnailUrl":"https:\/\/teamsters.ca\/wp-content\/uploads\/2019\/11\/monas_1-1.jpg","datePublished":"2019-11-23T17:21:57+00:00","dateModified":"2019-11-23T17:22:36+00:00","breadcrumb":{"@id":"https:\/\/teamsters.ca\/fr\/blog\/2019\/11\/23\/hebergement-pour-aines-message-du-syndicat-des-teamsters-a-la-ministre-de-la-sante\/#breadcrumb"},"inLanguage":"fr-CA","potentialAction":[{"@type":"ReadAction","target":["https:\/\/teamsters.ca\/fr\/blog\/2019\/11\/23\/hebergement-pour-aines-message-du-syndicat-des-teamsters-a-la-ministre-de-la-sante\/"]}]},{"@type":"ImageObject","inLanguage":"fr-CA","@id":"https:\/\/teamsters.ca\/fr\/blog\/2019\/11\/23\/hebergement-pour-aines-message-du-syndicat-des-teamsters-a-la-ministre-de-la-sante\/#primaryimage","url":"https:\/\/teamsters.ca\/wp-content\/uploads\/2019\/11\/monas_1-1.jpg","contentUrl":"https:\/\/teamsters.ca\/wp-content\/uploads\/2019\/11\/monas_1-1.jpg","width":1166,"height":768},{"@type":"BreadcrumbList","@id":"https:\/\/teamsters.ca\/fr\/blog\/2019\/11\/23\/hebergement-pour-aines-message-du-syndicat-des-teamsters-a-la-ministre-de-la-sante\/#breadcrumb","itemListElement":[{"@type":"ListItem","position":1,"name":"Home","item":"https:\/\/teamsters.ca\/fr\/"},{"@type":"ListItem","position":2,"name":"H\u00e9bergement pour a\u00een\u00e9s : message du syndicat des Teamsters \u00e0 la ministre de la Sant\u00e9"}]},{"@type":"WebSite","@id":"https:\/\/teamsters.ca\/fr\/#website","url":"https:\/\/teamsters.ca\/fr\/","name":"Teamsters Canada","description":"A Canadian union representing over 125 000 members","publisher":{"@id":"https:\/\/teamsters.ca\/fr\/#organization"},"potentialAction":[{"@type":"SearchAction","target":{"@type":"EntryPoint","urlTemplate":"https:\/\/teamsters.ca\/fr\/?s={search_term_string}"},"query-input":{"@type":"PropertyValueSpecification","valueRequired":true,"valueName":"search_term_string"}}],"inLanguage":"fr-CA"},{"@type":"Organization","@id":"https:\/\/teamsters.ca\/fr\/#organization","name":"Teamsters Canada","url":"https:\/\/teamsters.ca\/fr\/","logo":{"@type":"ImageObject","inLanguage":"fr-CA","@id":"https:\/\/teamsters.ca\/fr\/#\/schema\/logo\/image\/","url":"https:\/\/teamsters.ca\/wp-content\/uploads\/2019\/08\/TeamstersCanada.png","contentUrl":"https:\/\/teamsters.ca\/wp-content\/uploads\/2019\/08\/TeamstersCanada.png","width":545,"height":181,"caption":"Teamsters Canada"},"image":{"@id":"https:\/\/teamsters.ca\/fr\/#\/schema\/logo\/image\/"},"sameAs":["https:\/\/www.facebook.com\/Teamsterscanada\/","https:\/\/x.com\/TeamstersCanada"]},{"@type":"Person","@id":"https:\/\/teamsters.ca\/fr\/#\/schema\/person\/3e6ffefc39fe2f212400b7d8d0a4a0c1","name":"St\u00e9phanie Meunier","image":{"@type":"ImageObject","inLanguage":"fr-CA","@id":"https:\/\/teamsters.ca\/fr\/#\/schema\/person\/image\/","url":"https:\/\/secure.gravatar.com\/avatar\/e4e8404e91ed71cb473fa2708849669810cf083c89825a3d2dd0d47dd6b2be77?s=96&d=mm&r=g","contentUrl":"https:\/\/secure.gravatar.com\/avatar\/e4e8404e91ed71cb473fa2708849669810cf083c89825a3d2dd0d47dd6b2be77?s=96&d=mm&r=g","caption":"St\u00e9phanie Meunier"},"url":"https:\/\/teamsters.ca\/fr\/blog\/author\/smeunier\/"}]}},"_links":{"self":[{"href":"https:\/\/teamsters.ca\/fr\/wp-json\/wp\/v2\/posts\/16758","targetHints":{"allow":["GET"]}}],"collection":[{"href":"https:\/\/teamsters.ca\/fr\/wp-json\/wp\/v2\/posts"}],"about":[{"href":"https:\/\/teamsters.ca\/fr\/wp-json\/wp\/v2\/types\/post"}],"author":[{"embeddable":true,"href":"https:\/\/teamsters.ca\/fr\/wp-json\/wp\/v2\/users\/8"}],"replies":[{"embeddable":true,"href":"https:\/\/teamsters.ca\/fr\/wp-json\/wp\/v2\/comments?post=16758"}],"version-history":[{"count":4,"href":"https:\/\/teamsters.ca\/fr\/wp-json\/wp\/v2\/posts\/16758\/revisions"}],"predecessor-version":[{"id":16766,"href":"https:\/\/teamsters.ca\/fr\/wp-json\/wp\/v2\/posts\/16758\/revisions\/16766"}],"wp:featuredmedia":[{"embeddable":true,"href":"https:\/\/teamsters.ca\/fr\/wp-json\/wp\/v2\/media\/16761"}],"wp:attachment":[{"href":"https:\/\/teamsters.ca\/fr\/wp-json\/wp\/v2\/media?parent=16758"}],"wp:term":[{"taxonomy":"category","embeddable":true,"href":"https:\/\/teamsters.ca\/fr\/wp-json\/wp\/v2\/categories?post=16758"},{"taxonomy":"post_tag","embeddable":true,"href":"https:\/\/teamsters.ca\/fr\/wp-json\/wp\/v2\/tags?post=16758"}],"curies":[{"name":"wp","href":"https:\/\/api.w.org\/{rel}","templated":true}]}}