{"id":16134,"date":"2019-09-18T11:01:39","date_gmt":"2019-09-18T15:01:39","guid":{"rendered":"http:\/\/teamsters.ca\/?p=16134"},"modified":"2019-09-18T11:56:11","modified_gmt":"2019-09-18T15:56:11","slug":"la-conference-des-femmes-teamsters-prend-fin-sur-une-belle-note","status":"publish","type":"post","link":"https:\/\/teamsters.ca\/fr\/blog\/2019\/09\/18\/la-conference-des-femmes-teamsters-prend-fin-sur-une-belle-note\/","title":{"rendered":"La Conf\u00e9rence des femmes Teamsters prend fin sur une belle note!"},"content":{"rendered":"\n<blockquote class=\"wp-block-quote is-style-large is-layout-flow wp-block-quote-is-layout-flow\"><p>\u00ab&nbsp;Les Teamsters sont forts \u00e0 cause de chacune des consoeurs dans cette salle.&nbsp;\u00bb<\/p><\/blockquote>\n\n\n\n<p>C\u2019est par ces mots de la consoeur Nathaly Guillemette de Teamsters Canada que la Conf\u00e9rence des femmes Teamsters a pris fin aujourd\u2019hui \u00e0 Montr\u00e9al. Pr\u00e8s de 1200 d\u00e9l\u00e9gu\u00e9es de la Fraternit\u00e9 internationale des Teamsters se r\u00e9unissaient ces trois derniers jours dans la m\u00e9tropole francophone de l\u2019Am\u00e9rique du Nord afin de connecter ou reconnecter, de participer \u00e0 des ateliers visant \u00e0 parfaire leurs comp\u00e9tences syndicales et, bien entendu, \u00e0 discuter des enjeux auxquelles font face les femmes en milieu de travail.<\/p>\n\n\n\n<p>La qualit\u00e9 des ateliers, des \u00e9changes et des interventions font de notre mouvement syndical une voix incontournable dans une soci\u00e9t\u00e9 o\u00f9 les droits de travailleuses sont encore menac\u00e9s chaque jour.<\/p>\n\n\n\n<p>L\u2019\u00e9tincelle sociale qu\u2019a allum\u00e9e le mouvement syndical il y a plus de 100 ans continue de motiver et de mobiliser nos consoeurs d\u2019un peu partout sur le continent. Cependant, il ne faut pas oublier que des femmes et des minorit\u00e9s sexuelles font encore aujourd\u2019hui face \u00e0 des enjeux importants dans plusieurs milieux de travail.&nbsp;<\/p>\n\n\n\n<p>Il y a encore fort \u00e0 faire pour assurer l\u2019\u00e9galit\u00e9, l\u2019\u00e9quit\u00e9 et le respect de ces membres. Il faut reconna\u00eetre ces probl\u00e8mes et rester vigilantes afin de continuer \u00e0 faire avancer les droits des femmes et de la communaut\u00e9 LGBTQ2+. Il ne faut pas ignorer que le sexisme, le harc\u00e8lement et les discriminations sont encore v\u00e9cus par des milliers de syndiqu\u00e9s-\u00e9es chaque jour.<\/p>\n\n\n\n<p>Mais les Teamsters continueront \u00e0 faire entendre leurs voix afin de b\u00e2tir un monde plus juste.<\/p>\n\n\n\n<p>Les d\u00e9l\u00e9gu\u00e9es repartiront donc dans les prochaines heures dans leurs coins de pays respectifs avec des souvenirs imp\u00e9rissables de cette Conf\u00e9rence des femmes qui fut sans doute l\u2019une des plus m\u00e9morables des derni\u00e8res ann\u00e9es.<\/p>\n\n\n\n<p><em><strong>Au revoir et \u00e0 bient\u00f4t<\/strong><\/em><\/p>\n\n\n\n<p class=\"has-text-color has-background has-very-light-gray-color has-vivid-red-background-color\"><em><a href=\"https:\/\/teamsters.ca\/getting-involved\/national-committees-caucuses\/womens-caucus\/#confpic\">Cliquez ici pour voir les photos de la conf\u00e9rence.<\/a><\/em><\/p>\n","protected":false},"excerpt":{"rendered":"<p>\u00ab LES TEAMSTERS SONT FORTS \u00c0 CAUSE DE CHACUNE DES CONSOEURS DANS CETTE SALLE. \u00bb<\/p>\n","protected":false},"author":8,"featured_media":16135,"comment_status":"closed","ping_status":"closed","sticky":false,"template":"","format":"standard","meta":{"ngg_post_thumbnail":0,"mc4wp_mailchimp_campaign":[],"footnotes":""},"categories":[2222,1114],"tags":[2242,2275],"class_list":{"0":"post-16134","1":"post","2":"type-post","3":"status-publish","4":"format-standard","5":"has-post-thumbnail","7":"category-femmes-teamsters","8":"category-nouvelles","9":"tag-conference-des-femmes-teamsters","10":"tag-nathaly-guillemette"},"yoast_head":"<!-- This site is optimized with the Yoast SEO Premium plugin v25.5 (Yoast SEO v25.5) - https:\/\/yoast.com\/wordpress\/plugins\/seo\/ -->\n<title>La Conf\u00e9rence des femmes Teamsters prend fin sur une belle note! | Teamsters Canada<\/title>\n<meta name=\"robots\" content=\"index, follow, max-snippet:-1, max-image-preview:large, max-video-preview:-1\" \/>\n<link rel=\"canonical\" href=\"https:\/\/teamsters.ca\/fr\/blog\/2019\/09\/18\/la-conference-des-femmes-teamsters-prend-fin-sur-une-belle-note\/\" \/>\n<meta property=\"og:locale\" content=\"fr_CA\" \/>\n<meta property=\"og:type\" content=\"article\" \/>\n<meta property=\"og:title\" content=\"La Conf\u00e9rence des femmes Teamsters prend fin sur une belle note!\" \/>\n<meta property=\"og:description\" content=\"\u00ab LES TEAMSTERS SONT FORTS \u00c0 CAUSE DE CHACUNE DES CONSOEURS DANS CETTE SALLE. \u00bb\" \/>\n<meta property=\"og:url\" content=\"https:\/\/teamsters.ca\/fr\/blog\/2019\/09\/18\/la-conference-des-femmes-teamsters-prend-fin-sur-une-belle-note\/\" \/>\n<meta property=\"og:site_name\" content=\"Teamsters Canada\" \/>\n<meta property=\"article:publisher\" content=\"https:\/\/www.facebook.com\/Teamsterscanada\/\" \/>\n<meta property=\"article:published_time\" content=\"2019-09-18T15:01:39+00:00\" \/>\n<meta property=\"article:modified_time\" content=\"2019-09-18T15:56:11+00:00\" \/>\n<meta property=\"og:image\" content=\"https:\/\/teamsters.ca\/wp-content\/uploads\/2019\/09\/nath1.jpg\" \/>\n\t<meta property=\"og:image:width\" content=\"2000\" \/>\n\t<meta property=\"og:image:height\" content=\"1333\" \/>\n\t<meta property=\"og:image:type\" content=\"image\/jpeg\" \/>\n<meta name=\"author\" content=\"St\u00e9phanie Meunier\" \/>\n<meta name=\"twitter:card\" content=\"summary_large_image\" \/>\n<meta name=\"twitter:creator\" content=\"@TeamstersCanada\" \/>\n<meta name=\"twitter:site\" content=\"@TeamstersCanada\" \/>\n<meta name=\"twitter:label1\" content=\"\u00c9crit par\" \/>\n\t<meta name=\"twitter:data1\" content=\"St\u00e9phanie Meunier\" \/>\n\t<meta name=\"twitter:label2\" content=\"Estimation du temps de lecture\" \/>\n\t<meta name=\"twitter:data2\" content=\"2 minutes\" \/>\n<script type=\"application\/ld+json\" class=\"yoast-schema-graph\">{\"@context\":\"https:\/\/schema.org\",\"@graph\":[{\"@type\":\"Article\",\"@id\":\"https:\/\/teamsters.ca\/fr\/blog\/2019\/09\/18\/la-conference-des-femmes-teamsters-prend-fin-sur-une-belle-note\/#article\",\"isPartOf\":{\"@id\":\"https:\/\/teamsters.ca\/fr\/blog\/2019\/09\/18\/la-conference-des-femmes-teamsters-prend-fin-sur-une-belle-note\/\"},\"author\":{\"name\":\"St\u00e9phanie Meunier\",\"@id\":\"https:\/\/teamsters.ca\/fr\/#\/schema\/person\/3e6ffefc39fe2f212400b7d8d0a4a0c1\"},\"headline\":\"La Conf\u00e9rence des femmes Teamsters prend fin sur une belle note!\",\"datePublished\":\"2019-09-18T15:01:39+00:00\",\"dateModified\":\"2019-09-18T15:56:11+00:00\",\"mainEntityOfPage\":{\"@id\":\"https:\/\/teamsters.ca\/fr\/blog\/2019\/09\/18\/la-conference-des-femmes-teamsters-prend-fin-sur-une-belle-note\/\"},\"wordCount\":348,\"publisher\":{\"@id\":\"https:\/\/teamsters.ca\/fr\/#organization\"},\"image\":{\"@id\":\"https:\/\/teamsters.ca\/fr\/blog\/2019\/09\/18\/la-conference-des-femmes-teamsters-prend-fin-sur-une-belle-note\/#primaryimage\"},\"thumbnailUrl\":\"https:\/\/teamsters.ca\/wp-content\/uploads\/2019\/09\/nath1.jpg\",\"keywords\":[\"Conf\u00e9rence des femmes Teamsters\",\"Nathaly Guillemette\"],\"articleSection\":[\"Femmes Teamsters\",\"Nouvelles\"],\"inLanguage\":\"fr-CA\"},{\"@type\":\"WebPage\",\"@id\":\"https:\/\/teamsters.ca\/fr\/blog\/2019\/09\/18\/la-conference-des-femmes-teamsters-prend-fin-sur-une-belle-note\/\",\"url\":\"https:\/\/teamsters.ca\/fr\/blog\/2019\/09\/18\/la-conference-des-femmes-teamsters-prend-fin-sur-une-belle-note\/\",\"name\":\"La Conf\u00e9rence des femmes Teamsters prend fin sur une belle note! | Teamsters Canada\",\"isPartOf\":{\"@id\":\"https:\/\/teamsters.ca\/fr\/#website\"},\"primaryImageOfPage\":{\"@id\":\"https:\/\/teamsters.ca\/fr\/blog\/2019\/09\/18\/la-conference-des-femmes-teamsters-prend-fin-sur-une-belle-note\/#primaryimage\"},\"image\":{\"@id\":\"https:\/\/teamsters.ca\/fr\/blog\/2019\/09\/18\/la-conference-des-femmes-teamsters-prend-fin-sur-une-belle-note\/#primaryimage\"},\"thumbnailUrl\":\"https:\/\/teamsters.ca\/wp-content\/uploads\/2019\/09\/nath1.jpg\",\"datePublished\":\"2019-09-18T15:01:39+00:00\",\"dateModified\":\"2019-09-18T15:56:11+00:00\",\"breadcrumb\":{\"@id\":\"https:\/\/teamsters.ca\/fr\/blog\/2019\/09\/18\/la-conference-des-femmes-teamsters-prend-fin-sur-une-belle-note\/#breadcrumb\"},\"inLanguage\":\"fr-CA\",\"potentialAction\":[{\"@type\":\"ReadAction\",\"target\":[\"https:\/\/teamsters.ca\/fr\/blog\/2019\/09\/18\/la-conference-des-femmes-teamsters-prend-fin-sur-une-belle-note\/\"]}]},{\"@type\":\"ImageObject\",\"inLanguage\":\"fr-CA\",\"@id\":\"https:\/\/teamsters.ca\/fr\/blog\/2019\/09\/18\/la-conference-des-femmes-teamsters-prend-fin-sur-une-belle-note\/#primaryimage\",\"url\":\"https:\/\/teamsters.ca\/wp-content\/uploads\/2019\/09\/nath1.jpg\",\"contentUrl\":\"https:\/\/teamsters.ca\/wp-content\/uploads\/2019\/09\/nath1.jpg\",\"width\":2000,\"height\":1333},{\"@type\":\"BreadcrumbList\",\"@id\":\"https:\/\/teamsters.ca\/fr\/blog\/2019\/09\/18\/la-conference-des-femmes-teamsters-prend-fin-sur-une-belle-note\/#breadcrumb\",\"itemListElement\":[{\"@type\":\"ListItem\",\"position\":1,\"name\":\"Home\",\"item\":\"https:\/\/teamsters.ca\/fr\/\"},{\"@type\":\"ListItem\",\"position\":2,\"name\":\"La Conf\u00e9rence des femmes Teamsters prend fin sur une belle note!\"}]},{\"@type\":\"WebSite\",\"@id\":\"https:\/\/teamsters.ca\/fr\/#website\",\"url\":\"https:\/\/teamsters.ca\/fr\/\",\"name\":\"Teamsters Canada\",\"description\":\"A Canadian union representing over 125 000 members\",\"publisher\":{\"@id\":\"https:\/\/teamsters.ca\/fr\/#organization\"},\"potentialAction\":[{\"@type\":\"SearchAction\",\"target\":{\"@type\":\"EntryPoint\",\"urlTemplate\":\"https:\/\/teamsters.ca\/fr\/?s={search_term_string}\"},\"query-input\":{\"@type\":\"PropertyValueSpecification\",\"valueRequired\":true,\"valueName\":\"search_term_string\"}}],\"inLanguage\":\"fr-CA\"},{\"@type\":\"Organization\",\"@id\":\"https:\/\/teamsters.ca\/fr\/#organization\",\"name\":\"Teamsters Canada\",\"url\":\"https:\/\/teamsters.ca\/fr\/\",\"logo\":{\"@type\":\"ImageObject\",\"inLanguage\":\"fr-CA\",\"@id\":\"https:\/\/teamsters.ca\/fr\/#\/schema\/logo\/image\/\",\"url\":\"https:\/\/teamsters.ca\/wp-content\/uploads\/2019\/08\/TeamstersCanada.png\",\"contentUrl\":\"https:\/\/teamsters.ca\/wp-content\/uploads\/2019\/08\/TeamstersCanada.png\",\"width\":545,\"height\":181,\"caption\":\"Teamsters Canada\"},\"image\":{\"@id\":\"https:\/\/teamsters.ca\/fr\/#\/schema\/logo\/image\/\"},\"sameAs\":[\"https:\/\/www.facebook.com\/Teamsterscanada\/\",\"https:\/\/x.com\/TeamstersCanada\"]},{\"@type\":\"Person\",\"@id\":\"https:\/\/teamsters.ca\/fr\/#\/schema\/person\/3e6ffefc39fe2f212400b7d8d0a4a0c1\",\"name\":\"St\u00e9phanie Meunier\",\"image\":{\"@type\":\"ImageObject\",\"inLanguage\":\"fr-CA\",\"@id\":\"https:\/\/teamsters.ca\/fr\/#\/schema\/person\/image\/\",\"url\":\"https:\/\/secure.gravatar.com\/avatar\/e4e8404e91ed71cb473fa2708849669810cf083c89825a3d2dd0d47dd6b2be77?s=96&d=mm&r=g\",\"contentUrl\":\"https:\/\/secure.gravatar.com\/avatar\/e4e8404e91ed71cb473fa2708849669810cf083c89825a3d2dd0d47dd6b2be77?s=96&d=mm&r=g\",\"caption\":\"St\u00e9phanie Meunier\"},\"url\":\"https:\/\/teamsters.ca\/fr\/blog\/author\/smeunier\/\"}]}<\/script>\n<!-- \/ Yoast SEO Premium plugin. -->","yoast_head_json":{"title":"La Conf\u00e9rence des femmes Teamsters prend fin sur une belle note! | Teamsters Canada","robots":{"index":"index","follow":"follow","max-snippet":"max-snippet:-1","max-image-preview":"max-image-preview:large","max-video-preview":"max-video-preview:-1"},"canonical":"https:\/\/teamsters.ca\/fr\/blog\/2019\/09\/18\/la-conference-des-femmes-teamsters-prend-fin-sur-une-belle-note\/","og_locale":"fr_CA","og_type":"article","og_title":"La Conf\u00e9rence des femmes Teamsters prend fin sur une belle note!","og_description":"\u00ab LES TEAMSTERS SONT FORTS \u00c0 CAUSE DE CHACUNE DES CONSOEURS DANS CETTE SALLE. \u00bb","og_url":"https:\/\/teamsters.ca\/fr\/blog\/2019\/09\/18\/la-conference-des-femmes-teamsters-prend-fin-sur-une-belle-note\/","og_site_name":"Teamsters Canada","article_publisher":"https:\/\/www.facebook.com\/Teamsterscanada\/","article_published_time":"2019-09-18T15:01:39+00:00","article_modified_time":"2019-09-18T15:56:11+00:00","og_image":[{"width":2000,"height":1333,"url":"https:\/\/teamsters.ca\/wp-content\/uploads\/2019\/09\/nath1.jpg","type":"image\/jpeg"}],"author":"St\u00e9phanie Meunier","twitter_card":"summary_large_image","twitter_creator":"@TeamstersCanada","twitter_site":"@TeamstersCanada","twitter_misc":{"\u00c9crit par":"St\u00e9phanie Meunier","Estimation du temps de lecture":"2 minutes"},"schema":{"@context":"https:\/\/schema.org","@graph":[{"@type":"Article","@id":"https:\/\/teamsters.ca\/fr\/blog\/2019\/09\/18\/la-conference-des-femmes-teamsters-prend-fin-sur-une-belle-note\/#article","isPartOf":{"@id":"https:\/\/teamsters.ca\/fr\/blog\/2019\/09\/18\/la-conference-des-femmes-teamsters-prend-fin-sur-une-belle-note\/"},"author":{"name":"St\u00e9phanie Meunier","@id":"https:\/\/teamsters.ca\/fr\/#\/schema\/person\/3e6ffefc39fe2f212400b7d8d0a4a0c1"},"headline":"La Conf\u00e9rence des femmes Teamsters prend fin sur une belle note!","datePublished":"2019-09-18T15:01:39+00:00","dateModified":"2019-09-18T15:56:11+00:00","mainEntityOfPage":{"@id":"https:\/\/teamsters.ca\/fr\/blog\/2019\/09\/18\/la-conference-des-femmes-teamsters-prend-fin-sur-une-belle-note\/"},"wordCount":348,"publisher":{"@id":"https:\/\/teamsters.ca\/fr\/#organization"},"image":{"@id":"https:\/\/teamsters.ca\/fr\/blog\/2019\/09\/18\/la-conference-des-femmes-teamsters-prend-fin-sur-une-belle-note\/#primaryimage"},"thumbnailUrl":"https:\/\/teamsters.ca\/wp-content\/uploads\/2019\/09\/nath1.jpg","keywords":["Conf\u00e9rence des femmes Teamsters","Nathaly Guillemette"],"articleSection":["Femmes Teamsters","Nouvelles"],"inLanguage":"fr-CA"},{"@type":"WebPage","@id":"https:\/\/teamsters.ca\/fr\/blog\/2019\/09\/18\/la-conference-des-femmes-teamsters-prend-fin-sur-une-belle-note\/","url":"https:\/\/teamsters.ca\/fr\/blog\/2019\/09\/18\/la-conference-des-femmes-teamsters-prend-fin-sur-une-belle-note\/","name":"La Conf\u00e9rence des femmes Teamsters prend fin sur une belle note! | Teamsters Canada","isPartOf":{"@id":"https:\/\/teamsters.ca\/fr\/#website"},"primaryImageOfPage":{"@id":"https:\/\/teamsters.ca\/fr\/blog\/2019\/09\/18\/la-conference-des-femmes-teamsters-prend-fin-sur-une-belle-note\/#primaryimage"},"image":{"@id":"https:\/\/teamsters.ca\/fr\/blog\/2019\/09\/18\/la-conference-des-femmes-teamsters-prend-fin-sur-une-belle-note\/#primaryimage"},"thumbnailUrl":"https:\/\/teamsters.ca\/wp-content\/uploads\/2019\/09\/nath1.jpg","datePublished":"2019-09-18T15:01:39+00:00","dateModified":"2019-09-18T15:56:11+00:00","breadcrumb":{"@id":"https:\/\/teamsters.ca\/fr\/blog\/2019\/09\/18\/la-conference-des-femmes-teamsters-prend-fin-sur-une-belle-note\/#breadcrumb"},"inLanguage":"fr-CA","potentialAction":[{"@type":"ReadAction","target":["https:\/\/teamsters.ca\/fr\/blog\/2019\/09\/18\/la-conference-des-femmes-teamsters-prend-fin-sur-une-belle-note\/"]}]},{"@type":"ImageObject","inLanguage":"fr-CA","@id":"https:\/\/teamsters.ca\/fr\/blog\/2019\/09\/18\/la-conference-des-femmes-teamsters-prend-fin-sur-une-belle-note\/#primaryimage","url":"https:\/\/teamsters.ca\/wp-content\/uploads\/2019\/09\/nath1.jpg","contentUrl":"https:\/\/teamsters.ca\/wp-content\/uploads\/2019\/09\/nath1.jpg","width":2000,"height":1333},{"@type":"BreadcrumbList","@id":"https:\/\/teamsters.ca\/fr\/blog\/2019\/09\/18\/la-conference-des-femmes-teamsters-prend-fin-sur-une-belle-note\/#breadcrumb","itemListElement":[{"@type":"ListItem","position":1,"name":"Home","item":"https:\/\/teamsters.ca\/fr\/"},{"@type":"ListItem","position":2,"name":"La Conf\u00e9rence des femmes Teamsters prend fin sur une belle note!"}]},{"@type":"WebSite","@id":"https:\/\/teamsters.ca\/fr\/#website","url":"https:\/\/teamsters.ca\/fr\/","name":"Teamsters Canada","description":"A Canadian union representing over 125 000 members","publisher":{"@id":"https:\/\/teamsters.ca\/fr\/#organization"},"potentialAction":[{"@type":"SearchAction","target":{"@type":"EntryPoint","urlTemplate":"https:\/\/teamsters.ca\/fr\/?s={search_term_string}"},"query-input":{"@type":"PropertyValueSpecification","valueRequired":true,"valueName":"search_term_string"}}],"inLanguage":"fr-CA"},{"@type":"Organization","@id":"https:\/\/teamsters.ca\/fr\/#organization","name":"Teamsters Canada","url":"https:\/\/teamsters.ca\/fr\/","logo":{"@type":"ImageObject","inLanguage":"fr-CA","@id":"https:\/\/teamsters.ca\/fr\/#\/schema\/logo\/image\/","url":"https:\/\/teamsters.ca\/wp-content\/uploads\/2019\/08\/TeamstersCanada.png","contentUrl":"https:\/\/teamsters.ca\/wp-content\/uploads\/2019\/08\/TeamstersCanada.png","width":545,"height":181,"caption":"Teamsters Canada"},"image":{"@id":"https:\/\/teamsters.ca\/fr\/#\/schema\/logo\/image\/"},"sameAs":["https:\/\/www.facebook.com\/Teamsterscanada\/","https:\/\/x.com\/TeamstersCanada"]},{"@type":"Person","@id":"https:\/\/teamsters.ca\/fr\/#\/schema\/person\/3e6ffefc39fe2f212400b7d8d0a4a0c1","name":"St\u00e9phanie Meunier","image":{"@type":"ImageObject","inLanguage":"fr-CA","@id":"https:\/\/teamsters.ca\/fr\/#\/schema\/person\/image\/","url":"https:\/\/secure.gravatar.com\/avatar\/e4e8404e91ed71cb473fa2708849669810cf083c89825a3d2dd0d47dd6b2be77?s=96&d=mm&r=g","contentUrl":"https:\/\/secure.gravatar.com\/avatar\/e4e8404e91ed71cb473fa2708849669810cf083c89825a3d2dd0d47dd6b2be77?s=96&d=mm&r=g","caption":"St\u00e9phanie Meunier"},"url":"https:\/\/teamsters.ca\/fr\/blog\/author\/smeunier\/"}]}},"_links":{"self":[{"href":"https:\/\/teamsters.ca\/fr\/wp-json\/wp\/v2\/posts\/16134","targetHints":{"allow":["GET"]}}],"collection":[{"href":"https:\/\/teamsters.ca\/fr\/wp-json\/wp\/v2\/posts"}],"about":[{"href":"https:\/\/teamsters.ca\/fr\/wp-json\/wp\/v2\/types\/post"}],"author":[{"embeddable":true,"href":"https:\/\/teamsters.ca\/fr\/wp-json\/wp\/v2\/users\/8"}],"replies":[{"embeddable":true,"href":"https:\/\/teamsters.ca\/fr\/wp-json\/wp\/v2\/comments?post=16134"}],"version-history":[{"count":14,"href":"https:\/\/teamsters.ca\/fr\/wp-json\/wp\/v2\/posts\/16134\/revisions"}],"predecessor-version":[{"id":16156,"href":"https:\/\/teamsters.ca\/fr\/wp-json\/wp\/v2\/posts\/16134\/revisions\/16156"}],"wp:featuredmedia":[{"embeddable":true,"href":"https:\/\/teamsters.ca\/fr\/wp-json\/wp\/v2\/media\/16135"}],"wp:attachment":[{"href":"https:\/\/teamsters.ca\/fr\/wp-json\/wp\/v2\/media?parent=16134"}],"wp:term":[{"taxonomy":"category","embeddable":true,"href":"https:\/\/teamsters.ca\/fr\/wp-json\/wp\/v2\/categories?post=16134"},{"taxonomy":"post_tag","embeddable":true,"href":"https:\/\/teamsters.ca\/fr\/wp-json\/wp\/v2\/tags?post=16134"}],"curies":[{"name":"wp","href":"https:\/\/api.w.org\/{rel}","templated":true}]}}