{"id":16105,"date":"2019-09-15T16:58:02","date_gmt":"2019-09-15T20:58:02","guid":{"rendered":"http:\/\/teamsters.ca\/?p=16105"},"modified":"2019-09-18T12:04:43","modified_gmt":"2019-09-18T16:04:43","slug":"lancement-de-la-conference-des-femmes-du-syndicat-des-teamsters-a-montreal","status":"publish","type":"post","link":"https:\/\/teamsters.ca\/fr\/blog\/2019\/09\/15\/lancement-de-la-conference-des-femmes-du-syndicat-des-teamsters-a-montreal\/","title":{"rendered":"Lancement de la Conf\u00e9rence des femmes du syndicat des Teamsters \u00e0 Montr\u00e9al"},"content":{"rendered":"\n<p>L\u2019\u00e9dition 2019 de la Conf\u00e9rence des femmes Teamsters a d\u00e9but\u00e9 aujourd&rsquo;hui \u00e0 Montr\u00e9al. Plus de 1200 Teamsters de partout en Am\u00e9rique du Nord sont en ville pour cet \u00e9v\u00e9nement annuel de trois jours, qui offre aux femmes de notre syndicat l&rsquo;occasion d\u2019assister&nbsp;\u00e0 des formations.&nbsp;<\/p>\n\n\n\n<p>Le th\u00e8me de cette ann\u00e9e est \u00ab&nbsp;Les femmes Teamsters : Fa\u00e7onner l\u2019avenir.&nbsp;\u00bb&nbsp;&nbsp;C&rsquo;est le reflet du r\u00f4le de plus en plus important des femmes dans notre syndicat et dans notre \u00e9conomie. De plus en plus de femmes acc\u00e8dent \u00e0 des emplois non traditionnels dans des secteurs \u00e0 pr\u00e9dominance masculine. Nous n&rsquo;avons jamais eu autant de femmes camionneuses, cheminots et livreuses de colis. Nous n&rsquo;avons jamais vu autant de femmes sur les chantiers, dans les usines et dans les syndicats.<\/p>\n\n\n\n<p>Les participantes pourront assister \u00e0 des ateliers sur des th\u00e8mes aussi vari\u00e9s que la n\u00e9gociation de conventions collectives pour les femmes, la sant\u00e9 mentale en milieu de travail, l&rsquo;histoire syndicale, la syndicalisation, l&rsquo;aide aux d\u00e9l\u00e9gu\u00e9es syndicales, et plus.&nbsp;<\/p>\n\n\n\n<p><strong>Les dirigeants syndicaux appuient les femmes Teamsters<\/strong><\/p>\n\n\n\n<p>Les participantes ont \u00e9galement eu l&rsquo;occasion d&rsquo;entendre les dirigeants syndicaux. Ils se sont, une fois de plus, engag\u00e9s \u00e0 soutenir les femmes et \u00e0 les aider \u00e0 s&rsquo;\u00e9lever dans leur syndicat et leur milieu de travail.&nbsp;<\/p>\n\n\n\n<p>Fran\u00e7ois Laporte, pr\u00e9sident de Teamsters Canada, et Alain Michaud, pr\u00e9sident du Conseil conjoint 91 (Teamsters Qu\u00e9bec), ont \u00e9t\u00e9 les premiers intervenants de la journ\u00e9e. Ils ont re\u00e7u une plaque des organisatrices am\u00e9ricaines de l&rsquo;\u00e9v\u00e9nement, en reconnaissance de tout ce que les membres canadiens ont fait pour aider \u00e0 organiser la conf\u00e9rence.&nbsp;<\/p>\n\n\n\n<p>Fran\u00e7ois Laporte a profit\u00e9 de l&rsquo;occasion pour parler des \u00e9lections en cours au Canada.&nbsp;<\/p>\n\n\n\n<blockquote class=\"wp-block-quote is-layout-flow wp-block-quote-is-layout-flow\"><p>\u00ab&nbsp;Le 21 octobre, les \u00e9lecteurs se rendront aux urnes pour d\u00e9cider de l&rsquo;avenir de ce pays. Le choix qui s&rsquo;offre \u00e0 nous est clair : devons-nous nous replier sur nous-m\u00eames et reculer sur ce que le Canada a accompli ou poursuivre les progr\u00e8s que notre grande nation a faits et continue de faire?&nbsp;\u00bb<\/p><\/blockquote>\n\n\n\n<blockquote class=\"wp-block-quote is-layout-flow wp-block-quote-is-layout-flow\"><p>\u00ab&nbsp;Les femmes ont peut-\u00eatre le plus \u00e0 perdre dans cette \u00e9lection. Ce pays et cette province en particulier sont un bon endroit pour \u00eatre une femme. Mais ne soyons pas na\u00eff: rien de ce que nous avons ne nous a \u00e9t\u00e9 donn\u00e9. Nous avons d\u00fb nous battre pour cela, et ce combat est loin d&rsquo;\u00eatre termin\u00e9. C&rsquo;est pourquoi nous avons besoin d&rsquo;un gouvernement qui fait passer les travailleurs avant les grandes entreprises. C&rsquo;est pourquoi nous devons choisir de continuer \u00e0 aller de l\u2019avant&nbsp;\u00bb&nbsp;, a-t-il ajout\u00e9.&nbsp;<\/p><\/blockquote>\n\n\n\n<p>Le confr\u00e8re Alain Michaud a remerci\u00e9 tout le monde pour la plaque. Il a promis de transmettre le message des consoeurs Teamsters lors de cette conf\u00e9rence au Conseil conjoint du Qu\u00e9bec 91.&nbsp;<\/p>\n\n\n\n<p>Le pr\u00e9sident g\u00e9n\u00e9ral Jim Hoffa a ensuite pris la parole. \u00ab&nbsp;Nous avons tellement travaill\u00e9 ensemble. Nous sommes unis \u00e0 travers l&rsquo;Am\u00e9rique du Nord. C&rsquo;est un honneur d&rsquo;\u00eatre ici avec nos confr\u00e8res et cons\u0153urs de Teamsters Canada,&nbsp;\u00bb&nbsp;a-t-il dit.&nbsp;<\/p>\n\n\n\n<p>Il a ensuite salu\u00e9&nbsp;la fa\u00e7on dont Teamsters Canada a modifi\u00e9 sa constitution pour s&rsquo;assurer qu&rsquo;il y ait une place pour les femmes au sein du Conseil ex\u00e9cutif national. Cette place est occup\u00e9e par la consoeur Fernanda Santos, pr\u00e9sidente de la Section locale 847 de l&rsquo;Ontario.&nbsp;<\/p>\n\n\n\n<p>En plus d\u2019\u00eatre la premi\u00e8re femme \u00e0 si\u00e9ger au conseil ex\u00e9cutif national de Teamsters Canada, Santos est aussi la premi\u00e8re femme \u00e0 devenir pr\u00e9sidente d\u2019une section locale&nbsp;<strong>en Ontario<\/strong>&nbsp;et la premi\u00e8re femme \u00e0 si\u00e9ger au conseil du Conseil conjoint 52.&nbsp;<\/p>\n\n\n\n<blockquote class=\"wp-block-quote is-layout-flow wp-block-quote-is-layout-flow\"><p>\u00ab&nbsp;Oublie tous les titres, puisque ce n\u2019est pas important. Vous n&rsquo;avez pas besoin d&rsquo;\u00eatre sp\u00e9ciale, vous n&rsquo;avez pas besoin d&rsquo;\u00eatre une super femme; vous avez juste besoin d&rsquo;\u00eatre passionn\u00e9e par la d\u00e9fense des gens et de leurs droits, a d\u00e9clar\u00e9 Santos. Il n&rsquo;y a rien de mieux que d\u2019aider quelqu\u2019un \u00e0 \u00eatre r\u00e9embauch\u00e9 apr\u00e8s avoir \u00e9t\u00e9&nbsp;cong\u00e9di\u00e9e injustement, d&rsquo;aider les gens \u00e0 obtenir des accommodements pour des raisons m\u00e9dicales et de droits de la personne, et de n\u00e9gocier des augmentations de salaire pour les travailleuses et les travailleurs.&nbsp;\u00bb<\/p><\/blockquote>\n\n\n\n<p><strong>Santos a&nbsp;\u00e9galement appel\u00e9 \u00e0 ce que plus de femmes s&rsquo;impliquent.&nbsp;<\/strong><\/p>\n\n\n\n<blockquote class=\"wp-block-quote is-layout-flow wp-block-quote-is-layout-flow\"><p>\u00ab&nbsp;La soci\u00e9t\u00e9 a besoin d&rsquo;un \u00e9quilibre entre les sexes. Nous avons besoin de femmes dirigeantes \u00e0 tous les niveaux de prise de d\u00e9cision, y compris au sein du syndicat&nbsp;\u00bb, a-t-elle d\u00e9clar\u00e9 aux Teamsters venues des quatre coins de l\u2019Am\u00e9rique.&nbsp;<\/p><\/blockquote>\n\n\n\n<p>Le secr\u00e9taire-tr\u00e9sorier g\u00e9n\u00e9ral Ken Hall a&nbsp;\u00e9galement pris la parole. \u00ab&nbsp;Si vous voulez faire quelque chose, assurez-vous d&rsquo;avoir vos s\u0153urs des Teamsters de votre c\u00f4t\u00e9, a-t-il dit. Il a ajout\u00e9&nbsp;que m\u00eame si les travailleurs et travailleuses font face \u00e0 des d\u00e9fis tant au Canada qu&rsquo;aux \u00c9tats-Unis, une chose qui nous unit est le fait que nous sommes tous des Teamsters et que nous faisons face \u00e0 ces d\u00e9fis ensemble.<\/p>\n\n\n\n<p><strong>Une femme Teamster du Qu\u00e9bec honor\u00e9e&nbsp;<\/strong><\/p>\n\n\n\n<p>Une femme Teamster est honor\u00e9e chaque ann\u00e9e \u00e0&nbsp;la Conf\u00e9rence des femmes Teamsters. Cette ann\u00e9e, le prix a \u00e9t\u00e9 d\u00e9cern\u00e9 \u00e0 une femme qui se d\u00e9voue sans rel\u00e2che&nbsp;\u00e0 b\u00e2tir un syndicat plus fort.&nbsp;<\/p>\n\n\n\n<p>Jenny Mireault, membre de la Section locale 1999 et travailleuse du Groupe Marcelle est celle dont a voulu souligner la contribution inestimable cette ann\u00e9e. Elle est \u00e9galement une militante syndicale d\u00e9vou\u00e9e. La consoeur Mireault est d\u00e9l\u00e9gu\u00e9e syndicale et repr\u00e9sente 200 membres tout en si\u00e9geant au comit\u00e9 de sant\u00e9&nbsp;et s\u00e9curit\u00e9. Dans ses temps libres, elle fait du b\u00e9n\u00e9volat \u00e0 titre de repr\u00e9sentante du Fonds de solidarit\u00e9 de la FTQ et amasse des fonds pour le cancer du sein et de la prostate.&nbsp;<\/p>\n\n\n\n<p><strong>Beaucoup \u00e0 faire<\/strong><\/p>\n\n\n\n<p>En marge de l&rsquo;\u00e9v\u00e9nement, la Fondation Teamsters Canada, le Conseil conjoint du Qu\u00e9bec 91 et les caucus des femmes Teamsters de l&rsquo;Ontario et du Qu\u00e9bec ont install\u00e9 des kiosques pour parler de leur travail, vendre des billets de tirage et distribuer des cadeaux promotionnels. Des divisions repr\u00e9sentant des corps de m\u00e9tiers des travailleuses bas\u00e9es aux \u00c9tats-Unis ont \u00e9galement install\u00e9 des stands.&nbsp;<\/p>\n\n\n\n<p>TEAM Art a tenu une exposition mettant en vedette des \u0153uvres d&rsquo;art des membres des Teamsters et de leurs alli\u00e9s. Une oeuvre d&rsquo;art sera tir\u00e9e au sort afin de recueillir des fonds pour le Fonds de secours en cas de catastrophe de la FIT, qui a pour but d&rsquo;aider les membres qui subissent les cons\u00e9quences d&rsquo;une catastrophe naturelle.&nbsp;<\/p>\n\n\n\n<p class=\"has-text-color has-background has-very-dark-gray-color has-very-light-gray-background-color\">La conf\u00e9rence s&rsquo;annonce prometteuse pour trois jours. Suivez Teamsters Canada sur les m\u00e9dias sociaux ou suivez le hashtag <strong>#teamsterwomen<\/strong> sur Twitter et Instagram.<\/p>\n\n\n\n<p class=\"has-text-color has-background has-very-light-gray-color has-vivid-red-background-color\"><em><a href=\"https:\/\/teamsters.ca\/getting-involved\/national-committees-caucuses\/womens-caucus\/#confpic\">Cliquez ici pour voir les photos de la conf\u00e9rence.<\/a><\/em><\/p>\n","protected":false},"excerpt":{"rendered":"<p>L\u2019\u00e9dition 2019 de la Conf\u00e9rence des femmes Teamsters a d\u00e9but\u00e9 aujourd&rsquo;hui \u00e0 Montr\u00e9al. Plus de 1200 Teamsters de partout en Am\u00e9rique du Nord sont en ville pour cet \u00e9v\u00e9nement annuel de trois jours, qui offre aux femmes de notre syndicat l&rsquo;occasion d\u2019assister \u00e0 des formations. <\/p>\n","protected":false},"author":8,"featured_media":16059,"comment_status":"closed","ping_status":"closed","sticky":false,"template":"","format":"standard","meta":{"ngg_post_thumbnail":0,"mc4wp_mailchimp_campaign":[],"footnotes":""},"categories":[1140,2222,1124,1114,1137],"tags":[334,2203],"class_list":{"0":"post-16105","1":"post","2":"type-post","3":"status-publish","4":"format-standard","5":"has-post-thumbnail","7":"category-canada-region-fr","8":"category-femmes-teamsters","9":"category-president-fr","10":"category-nouvelles","11":"category-region-fr","12":"tag-francois-laporte","13":"tag-teamsterwomen"},"yoast_head":"<!-- This site is optimized with the Yoast SEO Premium plugin v25.5 (Yoast SEO v25.5) - https:\/\/yoast.com\/wordpress\/plugins\/seo\/ -->\n<title>Lancement de la Conf\u00e9rence des femmes du syndicat des Teamsters \u00e0 Montr\u00e9al | Teamsters Canada<\/title>\n<meta name=\"robots\" content=\"index, follow, max-snippet:-1, max-image-preview:large, max-video-preview:-1\" \/>\n<link rel=\"canonical\" href=\"https:\/\/teamsters.ca\/fr\/blog\/2019\/09\/15\/lancement-de-la-conference-des-femmes-du-syndicat-des-teamsters-a-montreal\/\" \/>\n<meta property=\"og:locale\" content=\"fr_CA\" \/>\n<meta property=\"og:type\" content=\"article\" \/>\n<meta property=\"og:title\" content=\"Lancement de la Conf\u00e9rence des femmes du syndicat des Teamsters \u00e0 Montr\u00e9al\" \/>\n<meta property=\"og:description\" content=\"L\u2019\u00e9dition 2019 de la Conf\u00e9rence des femmes Teamsters a d\u00e9but\u00e9 aujourd&#039;hui \u00e0 Montr\u00e9al. Plus de 1200 Teamsters de partout en Am\u00e9rique du Nord sont en ville pour cet \u00e9v\u00e9nement annuel de trois jours, qui offre aux femmes de notre syndicat l&#039;occasion d\u2019assister \u00e0 des formations.\" \/>\n<meta property=\"og:url\" content=\"https:\/\/teamsters.ca\/fr\/blog\/2019\/09\/15\/lancement-de-la-conference-des-femmes-du-syndicat-des-teamsters-a-montreal\/\" \/>\n<meta property=\"og:site_name\" content=\"Teamsters Canada\" \/>\n<meta property=\"article:publisher\" content=\"https:\/\/www.facebook.com\/Teamsterscanada\/\" \/>\n<meta property=\"article:published_time\" content=\"2019-09-15T20:58:02+00:00\" \/>\n<meta property=\"article:modified_time\" content=\"2019-09-18T16:04:43+00:00\" \/>\n<meta property=\"og:image\" content=\"https:\/\/teamsters.ca\/wp-content\/uploads\/2019\/09\/IMG_4617.jpg\" \/>\n\t<meta property=\"og:image:width\" content=\"1000\" \/>\n\t<meta property=\"og:image:height\" content=\"667\" \/>\n\t<meta property=\"og:image:type\" content=\"image\/jpeg\" \/>\n<meta name=\"author\" content=\"St\u00e9phanie Meunier\" \/>\n<meta name=\"twitter:card\" content=\"summary_large_image\" \/>\n<meta name=\"twitter:creator\" content=\"@TeamstersCanada\" \/>\n<meta name=\"twitter:site\" content=\"@TeamstersCanada\" \/>\n<meta name=\"twitter:label1\" content=\"\u00c9crit par\" \/>\n\t<meta name=\"twitter:data1\" content=\"St\u00e9phanie Meunier\" \/>\n\t<meta name=\"twitter:label2\" content=\"Estimation du temps de lecture\" \/>\n\t<meta name=\"twitter:data2\" content=\"6 minutes\" \/>\n<script type=\"application\/ld+json\" class=\"yoast-schema-graph\">{\"@context\":\"https:\/\/schema.org\",\"@graph\":[{\"@type\":\"Article\",\"@id\":\"https:\/\/teamsters.ca\/fr\/blog\/2019\/09\/15\/lancement-de-la-conference-des-femmes-du-syndicat-des-teamsters-a-montreal\/#article\",\"isPartOf\":{\"@id\":\"https:\/\/teamsters.ca\/fr\/blog\/2019\/09\/15\/lancement-de-la-conference-des-femmes-du-syndicat-des-teamsters-a-montreal\/\"},\"author\":{\"name\":\"St\u00e9phanie Meunier\",\"@id\":\"https:\/\/teamsters.ca\/fr\/#\/schema\/person\/3e6ffefc39fe2f212400b7d8d0a4a0c1\"},\"headline\":\"Lancement de la Conf\u00e9rence des femmes du syndicat des Teamsters \u00e0 Montr\u00e9al\",\"datePublished\":\"2019-09-15T20:58:02+00:00\",\"dateModified\":\"2019-09-18T16:04:43+00:00\",\"mainEntityOfPage\":{\"@id\":\"https:\/\/teamsters.ca\/fr\/blog\/2019\/09\/15\/lancement-de-la-conference-des-femmes-du-syndicat-des-teamsters-a-montreal\/\"},\"wordCount\":1196,\"publisher\":{\"@id\":\"https:\/\/teamsters.ca\/fr\/#organization\"},\"image\":{\"@id\":\"https:\/\/teamsters.ca\/fr\/blog\/2019\/09\/15\/lancement-de-la-conference-des-femmes-du-syndicat-des-teamsters-a-montreal\/#primaryimage\"},\"thumbnailUrl\":\"https:\/\/teamsters.ca\/wp-content\/uploads\/2019\/09\/IMG_4617.jpg\",\"keywords\":[\"Fran\u00e7ois Laporte\",\"teamsterwomen\"],\"articleSection\":[\"Canada\",\"Femmes Teamsters\",\"Lettres du pr\u00e9sident\",\"Nouvelles\",\"R\u00e9gion\"],\"inLanguage\":\"fr-CA\"},{\"@type\":\"WebPage\",\"@id\":\"https:\/\/teamsters.ca\/fr\/blog\/2019\/09\/15\/lancement-de-la-conference-des-femmes-du-syndicat-des-teamsters-a-montreal\/\",\"url\":\"https:\/\/teamsters.ca\/fr\/blog\/2019\/09\/15\/lancement-de-la-conference-des-femmes-du-syndicat-des-teamsters-a-montreal\/\",\"name\":\"Lancement de la Conf\u00e9rence des femmes du syndicat des Teamsters \u00e0 Montr\u00e9al | Teamsters Canada\",\"isPartOf\":{\"@id\":\"https:\/\/teamsters.ca\/fr\/#website\"},\"primaryImageOfPage\":{\"@id\":\"https:\/\/teamsters.ca\/fr\/blog\/2019\/09\/15\/lancement-de-la-conference-des-femmes-du-syndicat-des-teamsters-a-montreal\/#primaryimage\"},\"image\":{\"@id\":\"https:\/\/teamsters.ca\/fr\/blog\/2019\/09\/15\/lancement-de-la-conference-des-femmes-du-syndicat-des-teamsters-a-montreal\/#primaryimage\"},\"thumbnailUrl\":\"https:\/\/teamsters.ca\/wp-content\/uploads\/2019\/09\/IMG_4617.jpg\",\"datePublished\":\"2019-09-15T20:58:02+00:00\",\"dateModified\":\"2019-09-18T16:04:43+00:00\",\"breadcrumb\":{\"@id\":\"https:\/\/teamsters.ca\/fr\/blog\/2019\/09\/15\/lancement-de-la-conference-des-femmes-du-syndicat-des-teamsters-a-montreal\/#breadcrumb\"},\"inLanguage\":\"fr-CA\",\"potentialAction\":[{\"@type\":\"ReadAction\",\"target\":[\"https:\/\/teamsters.ca\/fr\/blog\/2019\/09\/15\/lancement-de-la-conference-des-femmes-du-syndicat-des-teamsters-a-montreal\/\"]}]},{\"@type\":\"ImageObject\",\"inLanguage\":\"fr-CA\",\"@id\":\"https:\/\/teamsters.ca\/fr\/blog\/2019\/09\/15\/lancement-de-la-conference-des-femmes-du-syndicat-des-teamsters-a-montreal\/#primaryimage\",\"url\":\"https:\/\/teamsters.ca\/wp-content\/uploads\/2019\/09\/IMG_4617.jpg\",\"contentUrl\":\"https:\/\/teamsters.ca\/wp-content\/uploads\/2019\/09\/IMG_4617.jpg\",\"width\":1000,\"height\":667},{\"@type\":\"BreadcrumbList\",\"@id\":\"https:\/\/teamsters.ca\/fr\/blog\/2019\/09\/15\/lancement-de-la-conference-des-femmes-du-syndicat-des-teamsters-a-montreal\/#breadcrumb\",\"itemListElement\":[{\"@type\":\"ListItem\",\"position\":1,\"name\":\"Home\",\"item\":\"https:\/\/teamsters.ca\/fr\/\"},{\"@type\":\"ListItem\",\"position\":2,\"name\":\"Lancement de la Conf\u00e9rence des femmes du syndicat des Teamsters \u00e0 Montr\u00e9al\"}]},{\"@type\":\"WebSite\",\"@id\":\"https:\/\/teamsters.ca\/fr\/#website\",\"url\":\"https:\/\/teamsters.ca\/fr\/\",\"name\":\"Teamsters Canada\",\"description\":\"A Canadian union representing over 125 000 members\",\"publisher\":{\"@id\":\"https:\/\/teamsters.ca\/fr\/#organization\"},\"potentialAction\":[{\"@type\":\"SearchAction\",\"target\":{\"@type\":\"EntryPoint\",\"urlTemplate\":\"https:\/\/teamsters.ca\/fr\/?s={search_term_string}\"},\"query-input\":{\"@type\":\"PropertyValueSpecification\",\"valueRequired\":true,\"valueName\":\"search_term_string\"}}],\"inLanguage\":\"fr-CA\"},{\"@type\":\"Organization\",\"@id\":\"https:\/\/teamsters.ca\/fr\/#organization\",\"name\":\"Teamsters Canada\",\"url\":\"https:\/\/teamsters.ca\/fr\/\",\"logo\":{\"@type\":\"ImageObject\",\"inLanguage\":\"fr-CA\",\"@id\":\"https:\/\/teamsters.ca\/fr\/#\/schema\/logo\/image\/\",\"url\":\"https:\/\/teamsters.ca\/wp-content\/uploads\/2019\/08\/TeamstersCanada.png\",\"contentUrl\":\"https:\/\/teamsters.ca\/wp-content\/uploads\/2019\/08\/TeamstersCanada.png\",\"width\":545,\"height\":181,\"caption\":\"Teamsters Canada\"},\"image\":{\"@id\":\"https:\/\/teamsters.ca\/fr\/#\/schema\/logo\/image\/\"},\"sameAs\":[\"https:\/\/www.facebook.com\/Teamsterscanada\/\",\"https:\/\/x.com\/TeamstersCanada\"]},{\"@type\":\"Person\",\"@id\":\"https:\/\/teamsters.ca\/fr\/#\/schema\/person\/3e6ffefc39fe2f212400b7d8d0a4a0c1\",\"name\":\"St\u00e9phanie Meunier\",\"image\":{\"@type\":\"ImageObject\",\"inLanguage\":\"fr-CA\",\"@id\":\"https:\/\/teamsters.ca\/fr\/#\/schema\/person\/image\/\",\"url\":\"https:\/\/secure.gravatar.com\/avatar\/e4e8404e91ed71cb473fa2708849669810cf083c89825a3d2dd0d47dd6b2be77?s=96&d=mm&r=g\",\"contentUrl\":\"https:\/\/secure.gravatar.com\/avatar\/e4e8404e91ed71cb473fa2708849669810cf083c89825a3d2dd0d47dd6b2be77?s=96&d=mm&r=g\",\"caption\":\"St\u00e9phanie Meunier\"},\"url\":\"https:\/\/teamsters.ca\/fr\/blog\/author\/smeunier\/\"}]}<\/script>\n<!-- \/ Yoast SEO Premium plugin. -->","yoast_head_json":{"title":"Lancement de la Conf\u00e9rence des femmes du syndicat des Teamsters \u00e0 Montr\u00e9al | Teamsters Canada","robots":{"index":"index","follow":"follow","max-snippet":"max-snippet:-1","max-image-preview":"max-image-preview:large","max-video-preview":"max-video-preview:-1"},"canonical":"https:\/\/teamsters.ca\/fr\/blog\/2019\/09\/15\/lancement-de-la-conference-des-femmes-du-syndicat-des-teamsters-a-montreal\/","og_locale":"fr_CA","og_type":"article","og_title":"Lancement de la Conf\u00e9rence des femmes du syndicat des Teamsters \u00e0 Montr\u00e9al","og_description":"L\u2019\u00e9dition 2019 de la Conf\u00e9rence des femmes Teamsters a d\u00e9but\u00e9 aujourd'hui \u00e0 Montr\u00e9al. Plus de 1200 Teamsters de partout en Am\u00e9rique du Nord sont en ville pour cet \u00e9v\u00e9nement annuel de trois jours, qui offre aux femmes de notre syndicat l'occasion d\u2019assister \u00e0 des formations.","og_url":"https:\/\/teamsters.ca\/fr\/blog\/2019\/09\/15\/lancement-de-la-conference-des-femmes-du-syndicat-des-teamsters-a-montreal\/","og_site_name":"Teamsters Canada","article_publisher":"https:\/\/www.facebook.com\/Teamsterscanada\/","article_published_time":"2019-09-15T20:58:02+00:00","article_modified_time":"2019-09-18T16:04:43+00:00","og_image":[{"width":1000,"height":667,"url":"https:\/\/teamsters.ca\/wp-content\/uploads\/2019\/09\/IMG_4617.jpg","type":"image\/jpeg"}],"author":"St\u00e9phanie Meunier","twitter_card":"summary_large_image","twitter_creator":"@TeamstersCanada","twitter_site":"@TeamstersCanada","twitter_misc":{"\u00c9crit par":"St\u00e9phanie Meunier","Estimation du temps de lecture":"6 minutes"},"schema":{"@context":"https:\/\/schema.org","@graph":[{"@type":"Article","@id":"https:\/\/teamsters.ca\/fr\/blog\/2019\/09\/15\/lancement-de-la-conference-des-femmes-du-syndicat-des-teamsters-a-montreal\/#article","isPartOf":{"@id":"https:\/\/teamsters.ca\/fr\/blog\/2019\/09\/15\/lancement-de-la-conference-des-femmes-du-syndicat-des-teamsters-a-montreal\/"},"author":{"name":"St\u00e9phanie Meunier","@id":"https:\/\/teamsters.ca\/fr\/#\/schema\/person\/3e6ffefc39fe2f212400b7d8d0a4a0c1"},"headline":"Lancement de la Conf\u00e9rence des femmes du syndicat des Teamsters \u00e0 Montr\u00e9al","datePublished":"2019-09-15T20:58:02+00:00","dateModified":"2019-09-18T16:04:43+00:00","mainEntityOfPage":{"@id":"https:\/\/teamsters.ca\/fr\/blog\/2019\/09\/15\/lancement-de-la-conference-des-femmes-du-syndicat-des-teamsters-a-montreal\/"},"wordCount":1196,"publisher":{"@id":"https:\/\/teamsters.ca\/fr\/#organization"},"image":{"@id":"https:\/\/teamsters.ca\/fr\/blog\/2019\/09\/15\/lancement-de-la-conference-des-femmes-du-syndicat-des-teamsters-a-montreal\/#primaryimage"},"thumbnailUrl":"https:\/\/teamsters.ca\/wp-content\/uploads\/2019\/09\/IMG_4617.jpg","keywords":["Fran\u00e7ois Laporte","teamsterwomen"],"articleSection":["Canada","Femmes Teamsters","Lettres du pr\u00e9sident","Nouvelles","R\u00e9gion"],"inLanguage":"fr-CA"},{"@type":"WebPage","@id":"https:\/\/teamsters.ca\/fr\/blog\/2019\/09\/15\/lancement-de-la-conference-des-femmes-du-syndicat-des-teamsters-a-montreal\/","url":"https:\/\/teamsters.ca\/fr\/blog\/2019\/09\/15\/lancement-de-la-conference-des-femmes-du-syndicat-des-teamsters-a-montreal\/","name":"Lancement de la Conf\u00e9rence des femmes du syndicat des Teamsters \u00e0 Montr\u00e9al | Teamsters Canada","isPartOf":{"@id":"https:\/\/teamsters.ca\/fr\/#website"},"primaryImageOfPage":{"@id":"https:\/\/teamsters.ca\/fr\/blog\/2019\/09\/15\/lancement-de-la-conference-des-femmes-du-syndicat-des-teamsters-a-montreal\/#primaryimage"},"image":{"@id":"https:\/\/teamsters.ca\/fr\/blog\/2019\/09\/15\/lancement-de-la-conference-des-femmes-du-syndicat-des-teamsters-a-montreal\/#primaryimage"},"thumbnailUrl":"https:\/\/teamsters.ca\/wp-content\/uploads\/2019\/09\/IMG_4617.jpg","datePublished":"2019-09-15T20:58:02+00:00","dateModified":"2019-09-18T16:04:43+00:00","breadcrumb":{"@id":"https:\/\/teamsters.ca\/fr\/blog\/2019\/09\/15\/lancement-de-la-conference-des-femmes-du-syndicat-des-teamsters-a-montreal\/#breadcrumb"},"inLanguage":"fr-CA","potentialAction":[{"@type":"ReadAction","target":["https:\/\/teamsters.ca\/fr\/blog\/2019\/09\/15\/lancement-de-la-conference-des-femmes-du-syndicat-des-teamsters-a-montreal\/"]}]},{"@type":"ImageObject","inLanguage":"fr-CA","@id":"https:\/\/teamsters.ca\/fr\/blog\/2019\/09\/15\/lancement-de-la-conference-des-femmes-du-syndicat-des-teamsters-a-montreal\/#primaryimage","url":"https:\/\/teamsters.ca\/wp-content\/uploads\/2019\/09\/IMG_4617.jpg","contentUrl":"https:\/\/teamsters.ca\/wp-content\/uploads\/2019\/09\/IMG_4617.jpg","width":1000,"height":667},{"@type":"BreadcrumbList","@id":"https:\/\/teamsters.ca\/fr\/blog\/2019\/09\/15\/lancement-de-la-conference-des-femmes-du-syndicat-des-teamsters-a-montreal\/#breadcrumb","itemListElement":[{"@type":"ListItem","position":1,"name":"Home","item":"https:\/\/teamsters.ca\/fr\/"},{"@type":"ListItem","position":2,"name":"Lancement de la Conf\u00e9rence des femmes du syndicat des Teamsters \u00e0 Montr\u00e9al"}]},{"@type":"WebSite","@id":"https:\/\/teamsters.ca\/fr\/#website","url":"https:\/\/teamsters.ca\/fr\/","name":"Teamsters Canada","description":"A Canadian union representing over 125 000 members","publisher":{"@id":"https:\/\/teamsters.ca\/fr\/#organization"},"potentialAction":[{"@type":"SearchAction","target":{"@type":"EntryPoint","urlTemplate":"https:\/\/teamsters.ca\/fr\/?s={search_term_string}"},"query-input":{"@type":"PropertyValueSpecification","valueRequired":true,"valueName":"search_term_string"}}],"inLanguage":"fr-CA"},{"@type":"Organization","@id":"https:\/\/teamsters.ca\/fr\/#organization","name":"Teamsters Canada","url":"https:\/\/teamsters.ca\/fr\/","logo":{"@type":"ImageObject","inLanguage":"fr-CA","@id":"https:\/\/teamsters.ca\/fr\/#\/schema\/logo\/image\/","url":"https:\/\/teamsters.ca\/wp-content\/uploads\/2019\/08\/TeamstersCanada.png","contentUrl":"https:\/\/teamsters.ca\/wp-content\/uploads\/2019\/08\/TeamstersCanada.png","width":545,"height":181,"caption":"Teamsters Canada"},"image":{"@id":"https:\/\/teamsters.ca\/fr\/#\/schema\/logo\/image\/"},"sameAs":["https:\/\/www.facebook.com\/Teamsterscanada\/","https:\/\/x.com\/TeamstersCanada"]},{"@type":"Person","@id":"https:\/\/teamsters.ca\/fr\/#\/schema\/person\/3e6ffefc39fe2f212400b7d8d0a4a0c1","name":"St\u00e9phanie Meunier","image":{"@type":"ImageObject","inLanguage":"fr-CA","@id":"https:\/\/teamsters.ca\/fr\/#\/schema\/person\/image\/","url":"https:\/\/secure.gravatar.com\/avatar\/e4e8404e91ed71cb473fa2708849669810cf083c89825a3d2dd0d47dd6b2be77?s=96&d=mm&r=g","contentUrl":"https:\/\/secure.gravatar.com\/avatar\/e4e8404e91ed71cb473fa2708849669810cf083c89825a3d2dd0d47dd6b2be77?s=96&d=mm&r=g","caption":"St\u00e9phanie Meunier"},"url":"https:\/\/teamsters.ca\/fr\/blog\/author\/smeunier\/"}]}},"_links":{"self":[{"href":"https:\/\/teamsters.ca\/fr\/wp-json\/wp\/v2\/posts\/16105","targetHints":{"allow":["GET"]}}],"collection":[{"href":"https:\/\/teamsters.ca\/fr\/wp-json\/wp\/v2\/posts"}],"about":[{"href":"https:\/\/teamsters.ca\/fr\/wp-json\/wp\/v2\/types\/post"}],"author":[{"embeddable":true,"href":"https:\/\/teamsters.ca\/fr\/wp-json\/wp\/v2\/users\/8"}],"replies":[{"embeddable":true,"href":"https:\/\/teamsters.ca\/fr\/wp-json\/wp\/v2\/comments?post=16105"}],"version-history":[{"count":6,"href":"https:\/\/teamsters.ca\/fr\/wp-json\/wp\/v2\/posts\/16105\/revisions"}],"predecessor-version":[{"id":16173,"href":"https:\/\/teamsters.ca\/fr\/wp-json\/wp\/v2\/posts\/16105\/revisions\/16173"}],"wp:featuredmedia":[{"embeddable":true,"href":"https:\/\/teamsters.ca\/fr\/wp-json\/wp\/v2\/media\/16059"}],"wp:attachment":[{"href":"https:\/\/teamsters.ca\/fr\/wp-json\/wp\/v2\/media?parent=16105"}],"wp:term":[{"taxonomy":"category","embeddable":true,"href":"https:\/\/teamsters.ca\/fr\/wp-json\/wp\/v2\/categories?post=16105"},{"taxonomy":"post_tag","embeddable":true,"href":"https:\/\/teamsters.ca\/fr\/wp-json\/wp\/v2\/tags?post=16105"}],"curies":[{"name":"wp","href":"https:\/\/api.w.org\/{rel}","templated":true}]}}