{"id":16020,"date":"2019-09-13T11:40:39","date_gmt":"2019-09-13T15:40:39","guid":{"rendered":"http:\/\/teamsters.ca\/?p=16020"},"modified":"2019-09-13T11:42:55","modified_gmt":"2019-09-13T15:42:55","slug":"hebergement-pour-aines-une-situation-qui-ne-cessera-de-se-degrader","status":"publish","type":"post","link":"https:\/\/teamsters.ca\/fr\/blog\/2019\/09\/13\/hebergement-pour-aines-une-situation-qui-ne-cessera-de-se-degrader\/","title":{"rendered":"H\u00e9bergement pour a\u00een\u00e9s : une situation qui ne cessera de se d\u00e9grader"},"content":{"rendered":"<figure id=\"attachment_7732\" aria-describedby=\"caption-attachment-7732\" style=\"width: 236px\" class=\"wp-caption alignright\"><img loading=\"lazy\" decoding=\"async\" class=\"wp-image-7732 size-medium\" src=\"https:\/\/teamsters.ca\/wp-content\/uploads\/2018\/03\/Jean-236x300.jpg\" alt=\"Jean\" width=\"236\" height=\"300\"><figcaption id=\"caption-attachment-7732\" class=\"wp-caption-text\">Jean Chartrand, pr\u00e9sident de la Section locale 106 des Teamsters<\/figcaption><\/figure>\n\n\n<p>Les histoires d\u2019horreur rapport\u00e9es dans la s\u00e9rie de reportages de la Presse concernant la qualit\u00e9 des soins dont b\u00e9n\u00e9ficient les personnes h\u00e9berg\u00e9es dans les CHSLD, notamment, ne nous a pas surpris. Au syndicat des Teamsters, nous d\u00e9non\u00e7ons sur toutes les tribunes ces graves enjeux qui ne sauraient nous faire oublier le d\u00e9vouement est les sacrifices effectu\u00e9s par la tr\u00e8s vaste majorit\u00e9 des travailleurs et travailleuses qui oeuvrent dans cette industrie.<\/p>\n\n\n\n<p>Ces enjeux dont la Presse a fait \u00e9tat sont fond\u00e9s sur le manque de ressources et le manque de temps. Nos membres, qui oeuvrent aupr\u00e8s des a\u00een\u00e9s les plus vuln\u00e9rables de la soci\u00e9t\u00e9, sont au bord de l\u2019\u00e9puisement. Ils font face \u00e0 ce mur parce qu\u2019ils sont de moins en moins nombreux \u00e0 donner des soins aux a\u00een\u00e9s. Et ils sont moins nombreux parce que les conditions de travail sont pitoyables.<\/p>\n\n\n\n<p><strong>C\u2019est aussi simple que cela.<\/strong><\/p>\n\n\n\n<p>Par exemple, quand il manque 10 travailleurs sur un quart de travail dans un CHSLD, cela ne peut qu\u2019avoir des impacts consid\u00e9rables non seulement sur la qualit\u00e9 des soins aux a\u00een\u00e9s, mais aussi sur la sant\u00e9 et la s\u00e9curit\u00e9 du personnel et sur la motivation de certains d\u2019entre eux \u00e0 rester dans la profession.<\/p>\n\n\n\n<p>Aucune enveloppe mon\u00e9taire visant \u00e0 am\u00e9liorer la formation ne viendra r\u00e9gler ce probl\u00e8me. Seule une am\u00e9lioration des conditions des travailleurs-euses fera \u00e9chec \u00e0 ce cercle vicieux. Un pr\u00e9pos\u00e9 aux b\u00e9n\u00e9ficiaires dans le priv\u00e9 gagne autour de 15 $\/h, tandis que ce m\u00eame travailleur verra son taux horaire \u00e0 21$\/h au public. Les travailleurs du priv\u00e9 et du public font pourtant exactement le m\u00eame travail. Rien ne justifie cette disparit\u00e9 de traitement. Rien.<\/p>\n\n\n\n<p>La situation s\u2019est tellement d\u00e9grad\u00e9e au cours des derni\u00e8res ann\u00e9es dans les CHSLD et r\u00e9sidences priv\u00e9es pour a\u00een\u00e9s que de nombreux confr\u00e8res et de nombreuses consoeurs ont choisi de quitter la profession. Certains sont en burnout. D\u2019autres en accident de travail, ayant subi des coups et des blessures de personnes \u00e2g\u00e9es en perte d\u2019autonomie cognitive. Plusieurs parce que les conditions dans le secteur priv\u00e9 sont pitoyables. Certains \u00e9tablissements sont d\u00e9sormais oblig\u00e9s de se tourner vers des infirmi\u00e8res auxiliaires pour faire le travail des pr\u00e9pos\u00e9s aux b\u00e9n\u00e9ficiaires.<\/p>\n\n\n\n<p>Et je vais m\u2019abstenir de vous parler du temps suppl\u00e9mentaire obligatoire o\u00f9 on force parfois nos membres \u00e0 travailler 24 heures cons\u00e9cutives.<\/p>\n\n\n\n<p>Au cours des derniers mois, nous avons rencontr\u00e9 les d\u00e9put\u00e9s-\u00e9es Catherine Dorion (QS), Harold Lebel (PQ) et Monique Sauv\u00e9 (PLQ) qui sont tous d\u2019accord avec les constats et les solutions que nous proposons. Proches du terrain, ils ont compris que la situation est critique.<\/p>\n\n\n\n<p>Nous avons aussi rencontr\u00e9 la ministre Marguerite Blais et des repr\u00e9sentants du minist\u00e8re du Travail. Notre message \u00e9tait clair, net et pr\u00e9cis : le gouvernement doit d\u00e9cr\u00e9ter les conditions de tous les travailleurs pour qu\u2019elles soient \u00e9quivalentes \u00e0 celles de leurs confr\u00e8res et consoeurs au public.&nbsp;<\/p>\n\n\n\n<p><strong>Nous attendons encore une r\u00e9ponse de leur part.<\/strong><\/p>\n\n\n\n<p>Pendant ce temps, la situation ne cesse de se d\u00e9grader comme le rapportait ces derniers jours la Presse. Viendra aussi le jour o\u00f9 seuls les a\u00een\u00e9s en excellente sant\u00e9 ou tr\u00e8s riches pourront se permettre d\u2019aller au priv\u00e9.<\/p>\n\n\n\n<p><strong><em>Est-ce le genre de soci\u00e9t\u00e9 dans laquelle nous d\u00e9sirons vivre?<\/em><\/strong><\/p>\n","protected":false},"excerpt":{"rendered":"<p>Les histoires d\u2019horreur rapport\u00e9es dans la s\u00e9rie de reportages de la Presse concernant la qualit\u00e9 des soins dont b\u00e9n\u00e9ficient les personnes h\u00e9berg\u00e9es dans les CHSLD, notamment, ne nous a pas surpris. Au syndicat des Teamsters, nous d\u00e9non\u00e7ons sur toutes les tribunes ces graves enjeux qui ne sauraient nous faire oublier le d\u00e9vouement est les sacrifices [&hellip;]<\/p>\n","protected":false},"author":8,"featured_media":16021,"comment_status":"closed","ping_status":"closed","sticky":false,"template":"","format":"standard","meta":{"ngg_post_thumbnail":0,"mc4wp_mailchimp_campaign":[],"footnotes":""},"categories":[1908,1114,1145,1137,1107],"tags":[1909,662,664,665,666,2159],"class_list":{"0":"post-16020","1":"post","2":"type-post","3":"status-publish","4":"format-standard","5":"has-post-thumbnail","7":"category-chsld","8":"category-nouvelles","9":"category-quebec-fr","10":"category-region-fr","11":"category-sante-et-securite","12":"tag-aines","13":"tag-catherine-dorion","14":"tag-chsld","15":"tag-harold-lebel","16":"tag-marguerite-blais","17":"tag-monique-sauve"},"yoast_head":"<!-- This site is optimized with the Yoast SEO Premium plugin v25.5 (Yoast SEO v25.5) - https:\/\/yoast.com\/wordpress\/plugins\/seo\/ -->\n<title>H\u00e9bergement pour a\u00een\u00e9s : une situation qui ne cessera de se d\u00e9grader | Teamsters Canada<\/title>\n<meta name=\"robots\" content=\"index, follow, max-snippet:-1, max-image-preview:large, max-video-preview:-1\" \/>\n<link rel=\"canonical\" href=\"https:\/\/teamsters.ca\/fr\/blog\/2019\/09\/13\/hebergement-pour-aines-une-situation-qui-ne-cessera-de-se-degrader\/\" \/>\n<meta property=\"og:locale\" content=\"fr_CA\" \/>\n<meta property=\"og:type\" content=\"article\" \/>\n<meta property=\"og:title\" content=\"H\u00e9bergement pour a\u00een\u00e9s : une situation qui ne cessera de se d\u00e9grader\" \/>\n<meta property=\"og:description\" content=\"Les histoires d\u2019horreur rapport\u00e9es dans la s\u00e9rie de reportages de la Presse concernant la qualit\u00e9 des soins dont b\u00e9n\u00e9ficient les personnes h\u00e9berg\u00e9es dans les CHSLD, notamment, ne nous a pas surpris. Au syndicat des Teamsters, nous d\u00e9non\u00e7ons sur toutes les tribunes ces graves enjeux qui ne sauraient nous faire oublier le d\u00e9vouement est les sacrifices [&hellip;]\" \/>\n<meta property=\"og:url\" content=\"https:\/\/teamsters.ca\/fr\/blog\/2019\/09\/13\/hebergement-pour-aines-une-situation-qui-ne-cessera-de-se-degrader\/\" \/>\n<meta property=\"og:site_name\" content=\"Teamsters Canada\" \/>\n<meta property=\"article:publisher\" content=\"https:\/\/www.facebook.com\/Teamsterscanada\/\" \/>\n<meta property=\"article:published_time\" content=\"2019-09-13T15:40:39+00:00\" \/>\n<meta property=\"article:modified_time\" content=\"2019-09-13T15:42:55+00:00\" \/>\n<meta property=\"og:image\" content=\"https:\/\/teamsters.ca\/wp-content\/uploads\/2019\/09\/carer.jpg\" \/>\n\t<meta property=\"og:image:width\" content=\"1200\" \/>\n\t<meta property=\"og:image:height\" content=\"800\" \/>\n\t<meta property=\"og:image:type\" content=\"image\/jpeg\" \/>\n<meta name=\"author\" content=\"St\u00e9phanie Meunier\" \/>\n<meta name=\"twitter:card\" content=\"summary_large_image\" \/>\n<meta name=\"twitter:creator\" content=\"@TeamstersCanada\" \/>\n<meta name=\"twitter:site\" content=\"@TeamstersCanada\" \/>\n<meta name=\"twitter:label1\" content=\"\u00c9crit par\" \/>\n\t<meta name=\"twitter:data1\" content=\"St\u00e9phanie Meunier\" \/>\n\t<meta name=\"twitter:label2\" content=\"Estimation du temps de lecture\" \/>\n\t<meta name=\"twitter:data2\" content=\"3 minutes\" \/>\n<script type=\"application\/ld+json\" class=\"yoast-schema-graph\">{\"@context\":\"https:\/\/schema.org\",\"@graph\":[{\"@type\":\"Article\",\"@id\":\"https:\/\/teamsters.ca\/fr\/blog\/2019\/09\/13\/hebergement-pour-aines-une-situation-qui-ne-cessera-de-se-degrader\/#article\",\"isPartOf\":{\"@id\":\"https:\/\/teamsters.ca\/fr\/blog\/2019\/09\/13\/hebergement-pour-aines-une-situation-qui-ne-cessera-de-se-degrader\/\"},\"author\":{\"name\":\"St\u00e9phanie Meunier\",\"@id\":\"https:\/\/teamsters.ca\/fr\/#\/schema\/person\/3e6ffefc39fe2f212400b7d8d0a4a0c1\"},\"headline\":\"H\u00e9bergement pour a\u00een\u00e9s : une situation qui ne cessera de se d\u00e9grader\",\"datePublished\":\"2019-09-13T15:40:39+00:00\",\"dateModified\":\"2019-09-13T15:42:55+00:00\",\"mainEntityOfPage\":{\"@id\":\"https:\/\/teamsters.ca\/fr\/blog\/2019\/09\/13\/hebergement-pour-aines-une-situation-qui-ne-cessera-de-se-degrader\/\"},\"wordCount\":628,\"publisher\":{\"@id\":\"https:\/\/teamsters.ca\/fr\/#organization\"},\"image\":{\"@id\":\"https:\/\/teamsters.ca\/fr\/blog\/2019\/09\/13\/hebergement-pour-aines-une-situation-qui-ne-cessera-de-se-degrader\/#primaryimage\"},\"thumbnailUrl\":\"https:\/\/teamsters.ca\/wp-content\/uploads\/2019\/09\/carer.jpg\",\"keywords\":[\"a\u00een\u00e9s\",\"Catherine Dorion\",\"CHSLD\",\"Harold Lebel\",\"Marguerite Blais\",\"Monique Sauv\u00e9\"],\"articleSection\":[\"CHSLD\",\"Nouvelles\",\"Qu\u00e9bec\",\"R\u00e9gion\",\"Sant\u00e9 et s\u00e9curit\u00e9\"],\"inLanguage\":\"fr-CA\"},{\"@type\":\"WebPage\",\"@id\":\"https:\/\/teamsters.ca\/fr\/blog\/2019\/09\/13\/hebergement-pour-aines-une-situation-qui-ne-cessera-de-se-degrader\/\",\"url\":\"https:\/\/teamsters.ca\/fr\/blog\/2019\/09\/13\/hebergement-pour-aines-une-situation-qui-ne-cessera-de-se-degrader\/\",\"name\":\"H\u00e9bergement pour a\u00een\u00e9s : une situation qui ne cessera de se d\u00e9grader | Teamsters Canada\",\"isPartOf\":{\"@id\":\"https:\/\/teamsters.ca\/fr\/#website\"},\"primaryImageOfPage\":{\"@id\":\"https:\/\/teamsters.ca\/fr\/blog\/2019\/09\/13\/hebergement-pour-aines-une-situation-qui-ne-cessera-de-se-degrader\/#primaryimage\"},\"image\":{\"@id\":\"https:\/\/teamsters.ca\/fr\/blog\/2019\/09\/13\/hebergement-pour-aines-une-situation-qui-ne-cessera-de-se-degrader\/#primaryimage\"},\"thumbnailUrl\":\"https:\/\/teamsters.ca\/wp-content\/uploads\/2019\/09\/carer.jpg\",\"datePublished\":\"2019-09-13T15:40:39+00:00\",\"dateModified\":\"2019-09-13T15:42:55+00:00\",\"breadcrumb\":{\"@id\":\"https:\/\/teamsters.ca\/fr\/blog\/2019\/09\/13\/hebergement-pour-aines-une-situation-qui-ne-cessera-de-se-degrader\/#breadcrumb\"},\"inLanguage\":\"fr-CA\",\"potentialAction\":[{\"@type\":\"ReadAction\",\"target\":[\"https:\/\/teamsters.ca\/fr\/blog\/2019\/09\/13\/hebergement-pour-aines-une-situation-qui-ne-cessera-de-se-degrader\/\"]}]},{\"@type\":\"ImageObject\",\"inLanguage\":\"fr-CA\",\"@id\":\"https:\/\/teamsters.ca\/fr\/blog\/2019\/09\/13\/hebergement-pour-aines-une-situation-qui-ne-cessera-de-se-degrader\/#primaryimage\",\"url\":\"https:\/\/teamsters.ca\/wp-content\/uploads\/2019\/09\/carer.jpg\",\"contentUrl\":\"https:\/\/teamsters.ca\/wp-content\/uploads\/2019\/09\/carer.jpg\",\"width\":1200,\"height\":800},{\"@type\":\"BreadcrumbList\",\"@id\":\"https:\/\/teamsters.ca\/fr\/blog\/2019\/09\/13\/hebergement-pour-aines-une-situation-qui-ne-cessera-de-se-degrader\/#breadcrumb\",\"itemListElement\":[{\"@type\":\"ListItem\",\"position\":1,\"name\":\"Home\",\"item\":\"https:\/\/teamsters.ca\/fr\/\"},{\"@type\":\"ListItem\",\"position\":2,\"name\":\"H\u00e9bergement pour a\u00een\u00e9s : une situation qui ne cessera de se d\u00e9grader\"}]},{\"@type\":\"WebSite\",\"@id\":\"https:\/\/teamsters.ca\/fr\/#website\",\"url\":\"https:\/\/teamsters.ca\/fr\/\",\"name\":\"Teamsters Canada\",\"description\":\"A Canadian union representing over 125 000 members\",\"publisher\":{\"@id\":\"https:\/\/teamsters.ca\/fr\/#organization\"},\"potentialAction\":[{\"@type\":\"SearchAction\",\"target\":{\"@type\":\"EntryPoint\",\"urlTemplate\":\"https:\/\/teamsters.ca\/fr\/?s={search_term_string}\"},\"query-input\":{\"@type\":\"PropertyValueSpecification\",\"valueRequired\":true,\"valueName\":\"search_term_string\"}}],\"inLanguage\":\"fr-CA\"},{\"@type\":\"Organization\",\"@id\":\"https:\/\/teamsters.ca\/fr\/#organization\",\"name\":\"Teamsters Canada\",\"url\":\"https:\/\/teamsters.ca\/fr\/\",\"logo\":{\"@type\":\"ImageObject\",\"inLanguage\":\"fr-CA\",\"@id\":\"https:\/\/teamsters.ca\/fr\/#\/schema\/logo\/image\/\",\"url\":\"https:\/\/teamsters.ca\/wp-content\/uploads\/2019\/08\/TeamstersCanada.png\",\"contentUrl\":\"https:\/\/teamsters.ca\/wp-content\/uploads\/2019\/08\/TeamstersCanada.png\",\"width\":545,\"height\":181,\"caption\":\"Teamsters Canada\"},\"image\":{\"@id\":\"https:\/\/teamsters.ca\/fr\/#\/schema\/logo\/image\/\"},\"sameAs\":[\"https:\/\/www.facebook.com\/Teamsterscanada\/\",\"https:\/\/x.com\/TeamstersCanada\"]},{\"@type\":\"Person\",\"@id\":\"https:\/\/teamsters.ca\/fr\/#\/schema\/person\/3e6ffefc39fe2f212400b7d8d0a4a0c1\",\"name\":\"St\u00e9phanie Meunier\",\"image\":{\"@type\":\"ImageObject\",\"inLanguage\":\"fr-CA\",\"@id\":\"https:\/\/teamsters.ca\/fr\/#\/schema\/person\/image\/\",\"url\":\"https:\/\/secure.gravatar.com\/avatar\/e4e8404e91ed71cb473fa2708849669810cf083c89825a3d2dd0d47dd6b2be77?s=96&d=mm&r=g\",\"contentUrl\":\"https:\/\/secure.gravatar.com\/avatar\/e4e8404e91ed71cb473fa2708849669810cf083c89825a3d2dd0d47dd6b2be77?s=96&d=mm&r=g\",\"caption\":\"St\u00e9phanie Meunier\"},\"url\":\"https:\/\/teamsters.ca\/fr\/blog\/author\/smeunier\/\"}]}<\/script>\n<!-- \/ Yoast SEO Premium plugin. -->","yoast_head_json":{"title":"H\u00e9bergement pour a\u00een\u00e9s : une situation qui ne cessera de se d\u00e9grader | Teamsters Canada","robots":{"index":"index","follow":"follow","max-snippet":"max-snippet:-1","max-image-preview":"max-image-preview:large","max-video-preview":"max-video-preview:-1"},"canonical":"https:\/\/teamsters.ca\/fr\/blog\/2019\/09\/13\/hebergement-pour-aines-une-situation-qui-ne-cessera-de-se-degrader\/","og_locale":"fr_CA","og_type":"article","og_title":"H\u00e9bergement pour a\u00een\u00e9s : une situation qui ne cessera de se d\u00e9grader","og_description":"Les histoires d\u2019horreur rapport\u00e9es dans la s\u00e9rie de reportages de la Presse concernant la qualit\u00e9 des soins dont b\u00e9n\u00e9ficient les personnes h\u00e9berg\u00e9es dans les CHSLD, notamment, ne nous a pas surpris. Au syndicat des Teamsters, nous d\u00e9non\u00e7ons sur toutes les tribunes ces graves enjeux qui ne sauraient nous faire oublier le d\u00e9vouement est les sacrifices [&hellip;]","og_url":"https:\/\/teamsters.ca\/fr\/blog\/2019\/09\/13\/hebergement-pour-aines-une-situation-qui-ne-cessera-de-se-degrader\/","og_site_name":"Teamsters Canada","article_publisher":"https:\/\/www.facebook.com\/Teamsterscanada\/","article_published_time":"2019-09-13T15:40:39+00:00","article_modified_time":"2019-09-13T15:42:55+00:00","og_image":[{"width":1200,"height":800,"url":"https:\/\/teamsters.ca\/wp-content\/uploads\/2019\/09\/carer.jpg","type":"image\/jpeg"}],"author":"St\u00e9phanie Meunier","twitter_card":"summary_large_image","twitter_creator":"@TeamstersCanada","twitter_site":"@TeamstersCanada","twitter_misc":{"\u00c9crit par":"St\u00e9phanie Meunier","Estimation du temps de lecture":"3 minutes"},"schema":{"@context":"https:\/\/schema.org","@graph":[{"@type":"Article","@id":"https:\/\/teamsters.ca\/fr\/blog\/2019\/09\/13\/hebergement-pour-aines-une-situation-qui-ne-cessera-de-se-degrader\/#article","isPartOf":{"@id":"https:\/\/teamsters.ca\/fr\/blog\/2019\/09\/13\/hebergement-pour-aines-une-situation-qui-ne-cessera-de-se-degrader\/"},"author":{"name":"St\u00e9phanie Meunier","@id":"https:\/\/teamsters.ca\/fr\/#\/schema\/person\/3e6ffefc39fe2f212400b7d8d0a4a0c1"},"headline":"H\u00e9bergement pour a\u00een\u00e9s : une situation qui ne cessera de se d\u00e9grader","datePublished":"2019-09-13T15:40:39+00:00","dateModified":"2019-09-13T15:42:55+00:00","mainEntityOfPage":{"@id":"https:\/\/teamsters.ca\/fr\/blog\/2019\/09\/13\/hebergement-pour-aines-une-situation-qui-ne-cessera-de-se-degrader\/"},"wordCount":628,"publisher":{"@id":"https:\/\/teamsters.ca\/fr\/#organization"},"image":{"@id":"https:\/\/teamsters.ca\/fr\/blog\/2019\/09\/13\/hebergement-pour-aines-une-situation-qui-ne-cessera-de-se-degrader\/#primaryimage"},"thumbnailUrl":"https:\/\/teamsters.ca\/wp-content\/uploads\/2019\/09\/carer.jpg","keywords":["a\u00een\u00e9s","Catherine Dorion","CHSLD","Harold Lebel","Marguerite Blais","Monique Sauv\u00e9"],"articleSection":["CHSLD","Nouvelles","Qu\u00e9bec","R\u00e9gion","Sant\u00e9 et s\u00e9curit\u00e9"],"inLanguage":"fr-CA"},{"@type":"WebPage","@id":"https:\/\/teamsters.ca\/fr\/blog\/2019\/09\/13\/hebergement-pour-aines-une-situation-qui-ne-cessera-de-se-degrader\/","url":"https:\/\/teamsters.ca\/fr\/blog\/2019\/09\/13\/hebergement-pour-aines-une-situation-qui-ne-cessera-de-se-degrader\/","name":"H\u00e9bergement pour a\u00een\u00e9s : une situation qui ne cessera de se d\u00e9grader | Teamsters Canada","isPartOf":{"@id":"https:\/\/teamsters.ca\/fr\/#website"},"primaryImageOfPage":{"@id":"https:\/\/teamsters.ca\/fr\/blog\/2019\/09\/13\/hebergement-pour-aines-une-situation-qui-ne-cessera-de-se-degrader\/#primaryimage"},"image":{"@id":"https:\/\/teamsters.ca\/fr\/blog\/2019\/09\/13\/hebergement-pour-aines-une-situation-qui-ne-cessera-de-se-degrader\/#primaryimage"},"thumbnailUrl":"https:\/\/teamsters.ca\/wp-content\/uploads\/2019\/09\/carer.jpg","datePublished":"2019-09-13T15:40:39+00:00","dateModified":"2019-09-13T15:42:55+00:00","breadcrumb":{"@id":"https:\/\/teamsters.ca\/fr\/blog\/2019\/09\/13\/hebergement-pour-aines-une-situation-qui-ne-cessera-de-se-degrader\/#breadcrumb"},"inLanguage":"fr-CA","potentialAction":[{"@type":"ReadAction","target":["https:\/\/teamsters.ca\/fr\/blog\/2019\/09\/13\/hebergement-pour-aines-une-situation-qui-ne-cessera-de-se-degrader\/"]}]},{"@type":"ImageObject","inLanguage":"fr-CA","@id":"https:\/\/teamsters.ca\/fr\/blog\/2019\/09\/13\/hebergement-pour-aines-une-situation-qui-ne-cessera-de-se-degrader\/#primaryimage","url":"https:\/\/teamsters.ca\/wp-content\/uploads\/2019\/09\/carer.jpg","contentUrl":"https:\/\/teamsters.ca\/wp-content\/uploads\/2019\/09\/carer.jpg","width":1200,"height":800},{"@type":"BreadcrumbList","@id":"https:\/\/teamsters.ca\/fr\/blog\/2019\/09\/13\/hebergement-pour-aines-une-situation-qui-ne-cessera-de-se-degrader\/#breadcrumb","itemListElement":[{"@type":"ListItem","position":1,"name":"Home","item":"https:\/\/teamsters.ca\/fr\/"},{"@type":"ListItem","position":2,"name":"H\u00e9bergement pour a\u00een\u00e9s : une situation qui ne cessera de se d\u00e9grader"}]},{"@type":"WebSite","@id":"https:\/\/teamsters.ca\/fr\/#website","url":"https:\/\/teamsters.ca\/fr\/","name":"Teamsters Canada","description":"A Canadian union representing over 125 000 members","publisher":{"@id":"https:\/\/teamsters.ca\/fr\/#organization"},"potentialAction":[{"@type":"SearchAction","target":{"@type":"EntryPoint","urlTemplate":"https:\/\/teamsters.ca\/fr\/?s={search_term_string}"},"query-input":{"@type":"PropertyValueSpecification","valueRequired":true,"valueName":"search_term_string"}}],"inLanguage":"fr-CA"},{"@type":"Organization","@id":"https:\/\/teamsters.ca\/fr\/#organization","name":"Teamsters Canada","url":"https:\/\/teamsters.ca\/fr\/","logo":{"@type":"ImageObject","inLanguage":"fr-CA","@id":"https:\/\/teamsters.ca\/fr\/#\/schema\/logo\/image\/","url":"https:\/\/teamsters.ca\/wp-content\/uploads\/2019\/08\/TeamstersCanada.png","contentUrl":"https:\/\/teamsters.ca\/wp-content\/uploads\/2019\/08\/TeamstersCanada.png","width":545,"height":181,"caption":"Teamsters Canada"},"image":{"@id":"https:\/\/teamsters.ca\/fr\/#\/schema\/logo\/image\/"},"sameAs":["https:\/\/www.facebook.com\/Teamsterscanada\/","https:\/\/x.com\/TeamstersCanada"]},{"@type":"Person","@id":"https:\/\/teamsters.ca\/fr\/#\/schema\/person\/3e6ffefc39fe2f212400b7d8d0a4a0c1","name":"St\u00e9phanie Meunier","image":{"@type":"ImageObject","inLanguage":"fr-CA","@id":"https:\/\/teamsters.ca\/fr\/#\/schema\/person\/image\/","url":"https:\/\/secure.gravatar.com\/avatar\/e4e8404e91ed71cb473fa2708849669810cf083c89825a3d2dd0d47dd6b2be77?s=96&d=mm&r=g","contentUrl":"https:\/\/secure.gravatar.com\/avatar\/e4e8404e91ed71cb473fa2708849669810cf083c89825a3d2dd0d47dd6b2be77?s=96&d=mm&r=g","caption":"St\u00e9phanie Meunier"},"url":"https:\/\/teamsters.ca\/fr\/blog\/author\/smeunier\/"}]}},"_links":{"self":[{"href":"https:\/\/teamsters.ca\/fr\/wp-json\/wp\/v2\/posts\/16020","targetHints":{"allow":["GET"]}}],"collection":[{"href":"https:\/\/teamsters.ca\/fr\/wp-json\/wp\/v2\/posts"}],"about":[{"href":"https:\/\/teamsters.ca\/fr\/wp-json\/wp\/v2\/types\/post"}],"author":[{"embeddable":true,"href":"https:\/\/teamsters.ca\/fr\/wp-json\/wp\/v2\/users\/8"}],"replies":[{"embeddable":true,"href":"https:\/\/teamsters.ca\/fr\/wp-json\/wp\/v2\/comments?post=16020"}],"version-history":[{"count":2,"href":"https:\/\/teamsters.ca\/fr\/wp-json\/wp\/v2\/posts\/16020\/revisions"}],"predecessor-version":[{"id":16024,"href":"https:\/\/teamsters.ca\/fr\/wp-json\/wp\/v2\/posts\/16020\/revisions\/16024"}],"wp:featuredmedia":[{"embeddable":true,"href":"https:\/\/teamsters.ca\/fr\/wp-json\/wp\/v2\/media\/16021"}],"wp:attachment":[{"href":"https:\/\/teamsters.ca\/fr\/wp-json\/wp\/v2\/media?parent=16020"}],"wp:term":[{"taxonomy":"category","embeddable":true,"href":"https:\/\/teamsters.ca\/fr\/wp-json\/wp\/v2\/categories?post=16020"},{"taxonomy":"post_tag","embeddable":true,"href":"https:\/\/teamsters.ca\/fr\/wp-json\/wp\/v2\/tags?post=16020"}],"curies":[{"name":"wp","href":"https:\/\/api.w.org\/{rel}","templated":true}]}}