{"id":13528,"date":"2019-07-19T12:02:04","date_gmt":"2019-07-19T16:02:04","guid":{"rendered":"http:\/\/teamsters.ca\/?p=13528"},"modified":"2019-07-19T12:02:05","modified_gmt":"2019-07-19T16:02:05","slug":"le-confrere-hackl-a-ete-nomme-vice-president-du-conseil-canadien-des-relations-industrielles","status":"publish","type":"post","link":"https:\/\/teamsters.ca\/fr\/blog\/2019\/07\/19\/le-confrere-hackl-a-ete-nomme-vice-president-du-conseil-canadien-des-relations-industrielles\/","title":{"rendered":"Le confr\u00e8re Hackl a \u00e9t\u00e9 nomm\u00e9 vice-pr\u00e9sident du Conseil canadien des relations industrielles"},"content":{"rendered":"\n<p>Laval, 18 juillet 2019 \u2014 Le confr\u00e8re Roland Hackl a \u00e9t\u00e9 nomm\u00e9 vice-pr\u00e9sident du Conseil canadien des relations industrielles (CCRI) pour un mandat de cinq ans. La nomination est entr\u00e9e en vigueur le 2 juillet dernier.<\/p>\n\n\n\n<p>Le confr\u00e8re Hackl s\u2019est impliqu\u00e9 aupr\u00e8s de son syndicat pendant 27 ans, y compris comme vice-pr\u00e9sident de la Conf\u00e9rence ferroviaire de Teamsters Canada de 2015 \u00e0 2019. Il a particip\u00e9 \u00e0 d&rsquo;innombrables n\u00e9gociations collectives, d&rsquo;arbitrages et a repr\u00e9sent\u00e9 le syndicat et ses membres \u00e0 presque tous les niveaux des cours et tribunaux provinciaux et f\u00e9d\u00e9raux, dont le CCRI. Avant de travailler au syndicat \u00e0 temps plein, il a occup\u00e9 diverses fonctions au Canadien National.<\/p>\n\n\n\n<p>Le CCRI est un organisme gouvernemental qui interpr\u00e8te et administre le Code canadien du travail qui s&rsquo;applique au secteur priv\u00e9 sous r\u00e9glementation f\u00e9d\u00e9rale comme le transport routier et ferroviaire. Le CCRI offre \u00e9galement divers services de r\u00e8glement des diff\u00e9rends et de m\u00e9diation. Les demandes de syndicalisation d&rsquo;un milieu de travail sous r\u00e9glementation f\u00e9d\u00e9rale et les plaintes pour pratiques d\u00e9loyales sont toutes trait\u00e9es par le CCRI.<\/p>\n\n\n\n<p><em>\u00ab J&rsquo;aimerais remercier le confr\u00e8re Hackl pour ses ann\u00e9es au service des Teamsters, a d\u00e9clar\u00e9 le pr\u00e9sident de Teamsters Canada, Fran\u00e7ois Laporte. Il occupe aujourd&rsquo;hui une position cl\u00e9 dans le monde des relations de travail. Nous sommes tous tr\u00e8s fiers de lui, et je lui souhaite bonne chance dans son nouveau r\u00f4le. \u00bb<\/em><\/p>\n\n\n\n<p>En 2018 le confr\u00e8re Daniel Thimineur, ancien avocat du Conseil conjoint 91 des Teamsters, a \u00e9t\u00e9 nomm\u00e9 au CCRI pour un mandat de trois ans.<\/p>\n\n\n\n<p><em>Teamsters Canada et ses 125 000 membres sont affili\u00e9s \u00e0 la Fraternit\u00e9 internationale des Teamsters, dont l\u2019effectif syndical est de 1,4 million de membres en Am\u00e9rique du Nord.<\/em><\/p>\n\n\n\n<h2 class=\"wp-block-heading\">DANS LA M\u00caME CAT\u00c9GORIE<\/h2>\n\n\n\n<figure class=\"wp-block-image\"><a href=\"https:\/\/teamsters.ca\/fr\/blog\/2018\/01\/10\/nomination-de-daniel-thimineur-au-ccri\/\"><img decoding=\"async\" src=\"https:\/\/teamsters.ca\/wp-content\/uploads\/2018\/01\/Daniel_Thimineur-300x213.jpg\" alt=\"\" class=\"wp-image-7477\"\/><\/a><\/figure>\n\n\n\n<p>Nomination de Daniel Thimineur au CCRI<\/p>\n","protected":false},"excerpt":{"rendered":"<p>Laval, 18 juillet 2019 \u2014 Le confr\u00e8re Roland Hackl a \u00e9t\u00e9 nomm\u00e9 vice-pr\u00e9sident du Conseil canadien des relations industrielles (CCRI) pour un mandat de cinq ans. La nomination est entr\u00e9e en vigueur le 2 juillet dernier. Le confr\u00e8re Hackl s\u2019est impliqu\u00e9 aupr\u00e8s de son syndicat pendant 27 ans, y compris comme vice-pr\u00e9sident de la Conf\u00e9rence [&hellip;]<\/p>\n","protected":false},"author":8,"featured_media":14253,"comment_status":"closed","ping_status":"closed","sticky":false,"template":"","format":"standard","meta":{"ngg_post_thumbnail":0,"mc4wp_mailchimp_campaign":[],"footnotes":""},"categories":[1140,1114,1137],"tags":[53,674,62,324,676,334,156],"class_list":{"0":"post-13528","1":"post","2":"type-post","3":"status-publish","4":"format-standard","5":"has-post-thumbnail","7":"category-canada-region-fr","8":"category-nouvelles","9":"category-region-fr","10":"tag-canada-industrial-relations-board","11":"tag-ccri","12":"tag-cirb","13":"tag-code-canadien-du-travail","14":"tag-conseil-canadien-des-relations-industrielles","15":"tag-francois-laporte","16":"tag-roland-hackl"},"yoast_head":"<!-- This site is optimized with the Yoast SEO Premium plugin v25.5 (Yoast SEO v25.5) - https:\/\/yoast.com\/wordpress\/plugins\/seo\/ -->\n<title>Le confr\u00e8re Hackl a \u00e9t\u00e9 nomm\u00e9 vice-pr\u00e9sident du Conseil canadien des relations industrielles | Teamsters Canada<\/title>\n<meta name=\"robots\" content=\"index, follow, max-snippet:-1, max-image-preview:large, max-video-preview:-1\" \/>\n<link rel=\"canonical\" href=\"https:\/\/teamsters.ca\/fr\/blog\/2019\/07\/19\/le-confrere-hackl-a-ete-nomme-vice-president-du-conseil-canadien-des-relations-industrielles\/\" \/>\n<meta property=\"og:locale\" content=\"fr_CA\" \/>\n<meta property=\"og:type\" content=\"article\" \/>\n<meta property=\"og:title\" content=\"Le confr\u00e8re Hackl a \u00e9t\u00e9 nomm\u00e9 vice-pr\u00e9sident du Conseil canadien des relations industrielles\" \/>\n<meta property=\"og:description\" content=\"Laval, 18 juillet 2019 \u2014 Le confr\u00e8re Roland Hackl a \u00e9t\u00e9 nomm\u00e9 vice-pr\u00e9sident du Conseil canadien des relations industrielles (CCRI) pour un mandat de cinq ans. La nomination est entr\u00e9e en vigueur le 2 juillet dernier. Le confr\u00e8re Hackl s\u2019est impliqu\u00e9 aupr\u00e8s de son syndicat pendant 27 ans, y compris comme vice-pr\u00e9sident de la Conf\u00e9rence [&hellip;]\" \/>\n<meta property=\"og:url\" content=\"https:\/\/teamsters.ca\/fr\/blog\/2019\/07\/19\/le-confrere-hackl-a-ete-nomme-vice-president-du-conseil-canadien-des-relations-industrielles\/\" \/>\n<meta property=\"og:site_name\" content=\"Teamsters Canada\" \/>\n<meta property=\"article:publisher\" content=\"https:\/\/www.facebook.com\/Teamsterscanada\/\" \/>\n<meta property=\"article:published_time\" content=\"2019-07-19T16:02:04+00:00\" \/>\n<meta property=\"article:modified_time\" content=\"2019-07-19T16:02:05+00:00\" \/>\n<meta property=\"og:image\" content=\"https:\/\/teamsters.ca\/wp-content\/uploads\/2019\/07\/hackl-compressed.jpg\" \/>\n\t<meta property=\"og:image:width\" content=\"1024\" \/>\n\t<meta property=\"og:image:height\" content=\"674\" \/>\n\t<meta property=\"og:image:type\" content=\"image\/jpeg\" \/>\n<meta name=\"author\" content=\"St\u00e9phanie Meunier\" \/>\n<meta name=\"twitter:card\" content=\"summary_large_image\" \/>\n<meta name=\"twitter:creator\" content=\"@TeamstersCanada\" \/>\n<meta name=\"twitter:site\" content=\"@TeamstersCanada\" \/>\n<meta name=\"twitter:label1\" content=\"\u00c9crit par\" \/>\n\t<meta name=\"twitter:data1\" content=\"St\u00e9phanie Meunier\" \/>\n\t<meta name=\"twitter:label2\" content=\"Estimation du temps de lecture\" \/>\n\t<meta name=\"twitter:data2\" content=\"2 minutes\" \/>\n<script type=\"application\/ld+json\" class=\"yoast-schema-graph\">{\"@context\":\"https:\/\/schema.org\",\"@graph\":[{\"@type\":\"Article\",\"@id\":\"https:\/\/teamsters.ca\/fr\/blog\/2019\/07\/19\/le-confrere-hackl-a-ete-nomme-vice-president-du-conseil-canadien-des-relations-industrielles\/#article\",\"isPartOf\":{\"@id\":\"https:\/\/teamsters.ca\/fr\/blog\/2019\/07\/19\/le-confrere-hackl-a-ete-nomme-vice-president-du-conseil-canadien-des-relations-industrielles\/\"},\"author\":{\"name\":\"St\u00e9phanie Meunier\",\"@id\":\"https:\/\/teamsters.ca\/fr\/#\/schema\/person\/3e6ffefc39fe2f212400b7d8d0a4a0c1\"},\"headline\":\"Le confr\u00e8re Hackl a \u00e9t\u00e9 nomm\u00e9 vice-pr\u00e9sident du Conseil canadien des relations industrielles\",\"datePublished\":\"2019-07-19T16:02:04+00:00\",\"dateModified\":\"2019-07-19T16:02:05+00:00\",\"mainEntityOfPage\":{\"@id\":\"https:\/\/teamsters.ca\/fr\/blog\/2019\/07\/19\/le-confrere-hackl-a-ete-nomme-vice-president-du-conseil-canadien-des-relations-industrielles\/\"},\"wordCount\":324,\"publisher\":{\"@id\":\"https:\/\/teamsters.ca\/fr\/#organization\"},\"image\":{\"@id\":\"https:\/\/teamsters.ca\/fr\/blog\/2019\/07\/19\/le-confrere-hackl-a-ete-nomme-vice-president-du-conseil-canadien-des-relations-industrielles\/#primaryimage\"},\"thumbnailUrl\":\"https:\/\/teamsters.ca\/wp-content\/uploads\/2019\/07\/hackl-compressed.jpg\",\"keywords\":[\"Canada Industrial Relations Board\",\"CCRI\",\"CIRB\",\"Code canadien du travail\",\"Conseil canadien des relations industrielles\",\"Fran\u00e7ois Laporte\",\"Roland Hackl\"],\"articleSection\":[\"Canada\",\"Nouvelles\",\"R\u00e9gion\"],\"inLanguage\":\"fr-CA\"},{\"@type\":\"WebPage\",\"@id\":\"https:\/\/teamsters.ca\/fr\/blog\/2019\/07\/19\/le-confrere-hackl-a-ete-nomme-vice-president-du-conseil-canadien-des-relations-industrielles\/\",\"url\":\"https:\/\/teamsters.ca\/fr\/blog\/2019\/07\/19\/le-confrere-hackl-a-ete-nomme-vice-president-du-conseil-canadien-des-relations-industrielles\/\",\"name\":\"Le confr\u00e8re Hackl a \u00e9t\u00e9 nomm\u00e9 vice-pr\u00e9sident du Conseil canadien des relations industrielles | Teamsters Canada\",\"isPartOf\":{\"@id\":\"https:\/\/teamsters.ca\/fr\/#website\"},\"primaryImageOfPage\":{\"@id\":\"https:\/\/teamsters.ca\/fr\/blog\/2019\/07\/19\/le-confrere-hackl-a-ete-nomme-vice-president-du-conseil-canadien-des-relations-industrielles\/#primaryimage\"},\"image\":{\"@id\":\"https:\/\/teamsters.ca\/fr\/blog\/2019\/07\/19\/le-confrere-hackl-a-ete-nomme-vice-president-du-conseil-canadien-des-relations-industrielles\/#primaryimage\"},\"thumbnailUrl\":\"https:\/\/teamsters.ca\/wp-content\/uploads\/2019\/07\/hackl-compressed.jpg\",\"datePublished\":\"2019-07-19T16:02:04+00:00\",\"dateModified\":\"2019-07-19T16:02:05+00:00\",\"breadcrumb\":{\"@id\":\"https:\/\/teamsters.ca\/fr\/blog\/2019\/07\/19\/le-confrere-hackl-a-ete-nomme-vice-president-du-conseil-canadien-des-relations-industrielles\/#breadcrumb\"},\"inLanguage\":\"fr-CA\",\"potentialAction\":[{\"@type\":\"ReadAction\",\"target\":[\"https:\/\/teamsters.ca\/fr\/blog\/2019\/07\/19\/le-confrere-hackl-a-ete-nomme-vice-president-du-conseil-canadien-des-relations-industrielles\/\"]}]},{\"@type\":\"ImageObject\",\"inLanguage\":\"fr-CA\",\"@id\":\"https:\/\/teamsters.ca\/fr\/blog\/2019\/07\/19\/le-confrere-hackl-a-ete-nomme-vice-president-du-conseil-canadien-des-relations-industrielles\/#primaryimage\",\"url\":\"https:\/\/teamsters.ca\/wp-content\/uploads\/2019\/07\/hackl-compressed.jpg\",\"contentUrl\":\"https:\/\/teamsters.ca\/wp-content\/uploads\/2019\/07\/hackl-compressed.jpg\",\"width\":1024,\"height\":674},{\"@type\":\"BreadcrumbList\",\"@id\":\"https:\/\/teamsters.ca\/fr\/blog\/2019\/07\/19\/le-confrere-hackl-a-ete-nomme-vice-president-du-conseil-canadien-des-relations-industrielles\/#breadcrumb\",\"itemListElement\":[{\"@type\":\"ListItem\",\"position\":1,\"name\":\"Home\",\"item\":\"https:\/\/teamsters.ca\/fr\/\"},{\"@type\":\"ListItem\",\"position\":2,\"name\":\"Le confr\u00e8re Hackl a \u00e9t\u00e9 nomm\u00e9 vice-pr\u00e9sident du Conseil canadien des relations industrielles\"}]},{\"@type\":\"WebSite\",\"@id\":\"https:\/\/teamsters.ca\/fr\/#website\",\"url\":\"https:\/\/teamsters.ca\/fr\/\",\"name\":\"Teamsters Canada\",\"description\":\"A Canadian union representing over 125 000 members\",\"publisher\":{\"@id\":\"https:\/\/teamsters.ca\/fr\/#organization\"},\"potentialAction\":[{\"@type\":\"SearchAction\",\"target\":{\"@type\":\"EntryPoint\",\"urlTemplate\":\"https:\/\/teamsters.ca\/fr\/?s={search_term_string}\"},\"query-input\":{\"@type\":\"PropertyValueSpecification\",\"valueRequired\":true,\"valueName\":\"search_term_string\"}}],\"inLanguage\":\"fr-CA\"},{\"@type\":\"Organization\",\"@id\":\"https:\/\/teamsters.ca\/fr\/#organization\",\"name\":\"Teamsters Canada\",\"url\":\"https:\/\/teamsters.ca\/fr\/\",\"logo\":{\"@type\":\"ImageObject\",\"inLanguage\":\"fr-CA\",\"@id\":\"https:\/\/teamsters.ca\/fr\/#\/schema\/logo\/image\/\",\"url\":\"https:\/\/teamsters.ca\/wp-content\/uploads\/2019\/08\/TeamstersCanada.png\",\"contentUrl\":\"https:\/\/teamsters.ca\/wp-content\/uploads\/2019\/08\/TeamstersCanada.png\",\"width\":545,\"height\":181,\"caption\":\"Teamsters Canada\"},\"image\":{\"@id\":\"https:\/\/teamsters.ca\/fr\/#\/schema\/logo\/image\/\"},\"sameAs\":[\"https:\/\/www.facebook.com\/Teamsterscanada\/\",\"https:\/\/x.com\/TeamstersCanada\"]},{\"@type\":\"Person\",\"@id\":\"https:\/\/teamsters.ca\/fr\/#\/schema\/person\/3e6ffefc39fe2f212400b7d8d0a4a0c1\",\"name\":\"St\u00e9phanie Meunier\",\"image\":{\"@type\":\"ImageObject\",\"inLanguage\":\"fr-CA\",\"@id\":\"https:\/\/teamsters.ca\/fr\/#\/schema\/person\/image\/\",\"url\":\"https:\/\/secure.gravatar.com\/avatar\/e4e8404e91ed71cb473fa2708849669810cf083c89825a3d2dd0d47dd6b2be77?s=96&d=mm&r=g\",\"contentUrl\":\"https:\/\/secure.gravatar.com\/avatar\/e4e8404e91ed71cb473fa2708849669810cf083c89825a3d2dd0d47dd6b2be77?s=96&d=mm&r=g\",\"caption\":\"St\u00e9phanie Meunier\"},\"url\":\"https:\/\/teamsters.ca\/fr\/blog\/author\/smeunier\/\"}]}<\/script>\n<!-- \/ Yoast SEO Premium plugin. -->","yoast_head_json":{"title":"Le confr\u00e8re Hackl a \u00e9t\u00e9 nomm\u00e9 vice-pr\u00e9sident du Conseil canadien des relations industrielles | Teamsters Canada","robots":{"index":"index","follow":"follow","max-snippet":"max-snippet:-1","max-image-preview":"max-image-preview:large","max-video-preview":"max-video-preview:-1"},"canonical":"https:\/\/teamsters.ca\/fr\/blog\/2019\/07\/19\/le-confrere-hackl-a-ete-nomme-vice-president-du-conseil-canadien-des-relations-industrielles\/","og_locale":"fr_CA","og_type":"article","og_title":"Le confr\u00e8re Hackl a \u00e9t\u00e9 nomm\u00e9 vice-pr\u00e9sident du Conseil canadien des relations industrielles","og_description":"Laval, 18 juillet 2019 \u2014 Le confr\u00e8re Roland Hackl a \u00e9t\u00e9 nomm\u00e9 vice-pr\u00e9sident du Conseil canadien des relations industrielles (CCRI) pour un mandat de cinq ans. La nomination est entr\u00e9e en vigueur le 2 juillet dernier. Le confr\u00e8re Hackl s\u2019est impliqu\u00e9 aupr\u00e8s de son syndicat pendant 27 ans, y compris comme vice-pr\u00e9sident de la Conf\u00e9rence [&hellip;]","og_url":"https:\/\/teamsters.ca\/fr\/blog\/2019\/07\/19\/le-confrere-hackl-a-ete-nomme-vice-president-du-conseil-canadien-des-relations-industrielles\/","og_site_name":"Teamsters Canada","article_publisher":"https:\/\/www.facebook.com\/Teamsterscanada\/","article_published_time":"2019-07-19T16:02:04+00:00","article_modified_time":"2019-07-19T16:02:05+00:00","og_image":[{"width":1024,"height":674,"url":"https:\/\/teamsters.ca\/wp-content\/uploads\/2019\/07\/hackl-compressed.jpg","type":"image\/jpeg"}],"author":"St\u00e9phanie Meunier","twitter_card":"summary_large_image","twitter_creator":"@TeamstersCanada","twitter_site":"@TeamstersCanada","twitter_misc":{"\u00c9crit par":"St\u00e9phanie Meunier","Estimation du temps de lecture":"2 minutes"},"schema":{"@context":"https:\/\/schema.org","@graph":[{"@type":"Article","@id":"https:\/\/teamsters.ca\/fr\/blog\/2019\/07\/19\/le-confrere-hackl-a-ete-nomme-vice-president-du-conseil-canadien-des-relations-industrielles\/#article","isPartOf":{"@id":"https:\/\/teamsters.ca\/fr\/blog\/2019\/07\/19\/le-confrere-hackl-a-ete-nomme-vice-president-du-conseil-canadien-des-relations-industrielles\/"},"author":{"name":"St\u00e9phanie Meunier","@id":"https:\/\/teamsters.ca\/fr\/#\/schema\/person\/3e6ffefc39fe2f212400b7d8d0a4a0c1"},"headline":"Le confr\u00e8re Hackl a \u00e9t\u00e9 nomm\u00e9 vice-pr\u00e9sident du Conseil canadien des relations industrielles","datePublished":"2019-07-19T16:02:04+00:00","dateModified":"2019-07-19T16:02:05+00:00","mainEntityOfPage":{"@id":"https:\/\/teamsters.ca\/fr\/blog\/2019\/07\/19\/le-confrere-hackl-a-ete-nomme-vice-president-du-conseil-canadien-des-relations-industrielles\/"},"wordCount":324,"publisher":{"@id":"https:\/\/teamsters.ca\/fr\/#organization"},"image":{"@id":"https:\/\/teamsters.ca\/fr\/blog\/2019\/07\/19\/le-confrere-hackl-a-ete-nomme-vice-president-du-conseil-canadien-des-relations-industrielles\/#primaryimage"},"thumbnailUrl":"https:\/\/teamsters.ca\/wp-content\/uploads\/2019\/07\/hackl-compressed.jpg","keywords":["Canada Industrial Relations Board","CCRI","CIRB","Code canadien du travail","Conseil canadien des relations industrielles","Fran\u00e7ois Laporte","Roland Hackl"],"articleSection":["Canada","Nouvelles","R\u00e9gion"],"inLanguage":"fr-CA"},{"@type":"WebPage","@id":"https:\/\/teamsters.ca\/fr\/blog\/2019\/07\/19\/le-confrere-hackl-a-ete-nomme-vice-president-du-conseil-canadien-des-relations-industrielles\/","url":"https:\/\/teamsters.ca\/fr\/blog\/2019\/07\/19\/le-confrere-hackl-a-ete-nomme-vice-president-du-conseil-canadien-des-relations-industrielles\/","name":"Le confr\u00e8re Hackl a \u00e9t\u00e9 nomm\u00e9 vice-pr\u00e9sident du Conseil canadien des relations industrielles | Teamsters Canada","isPartOf":{"@id":"https:\/\/teamsters.ca\/fr\/#website"},"primaryImageOfPage":{"@id":"https:\/\/teamsters.ca\/fr\/blog\/2019\/07\/19\/le-confrere-hackl-a-ete-nomme-vice-president-du-conseil-canadien-des-relations-industrielles\/#primaryimage"},"image":{"@id":"https:\/\/teamsters.ca\/fr\/blog\/2019\/07\/19\/le-confrere-hackl-a-ete-nomme-vice-president-du-conseil-canadien-des-relations-industrielles\/#primaryimage"},"thumbnailUrl":"https:\/\/teamsters.ca\/wp-content\/uploads\/2019\/07\/hackl-compressed.jpg","datePublished":"2019-07-19T16:02:04+00:00","dateModified":"2019-07-19T16:02:05+00:00","breadcrumb":{"@id":"https:\/\/teamsters.ca\/fr\/blog\/2019\/07\/19\/le-confrere-hackl-a-ete-nomme-vice-president-du-conseil-canadien-des-relations-industrielles\/#breadcrumb"},"inLanguage":"fr-CA","potentialAction":[{"@type":"ReadAction","target":["https:\/\/teamsters.ca\/fr\/blog\/2019\/07\/19\/le-confrere-hackl-a-ete-nomme-vice-president-du-conseil-canadien-des-relations-industrielles\/"]}]},{"@type":"ImageObject","inLanguage":"fr-CA","@id":"https:\/\/teamsters.ca\/fr\/blog\/2019\/07\/19\/le-confrere-hackl-a-ete-nomme-vice-president-du-conseil-canadien-des-relations-industrielles\/#primaryimage","url":"https:\/\/teamsters.ca\/wp-content\/uploads\/2019\/07\/hackl-compressed.jpg","contentUrl":"https:\/\/teamsters.ca\/wp-content\/uploads\/2019\/07\/hackl-compressed.jpg","width":1024,"height":674},{"@type":"BreadcrumbList","@id":"https:\/\/teamsters.ca\/fr\/blog\/2019\/07\/19\/le-confrere-hackl-a-ete-nomme-vice-president-du-conseil-canadien-des-relations-industrielles\/#breadcrumb","itemListElement":[{"@type":"ListItem","position":1,"name":"Home","item":"https:\/\/teamsters.ca\/fr\/"},{"@type":"ListItem","position":2,"name":"Le confr\u00e8re Hackl a \u00e9t\u00e9 nomm\u00e9 vice-pr\u00e9sident du Conseil canadien des relations industrielles"}]},{"@type":"WebSite","@id":"https:\/\/teamsters.ca\/fr\/#website","url":"https:\/\/teamsters.ca\/fr\/","name":"Teamsters Canada","description":"A Canadian union representing over 125 000 members","publisher":{"@id":"https:\/\/teamsters.ca\/fr\/#organization"},"potentialAction":[{"@type":"SearchAction","target":{"@type":"EntryPoint","urlTemplate":"https:\/\/teamsters.ca\/fr\/?s={search_term_string}"},"query-input":{"@type":"PropertyValueSpecification","valueRequired":true,"valueName":"search_term_string"}}],"inLanguage":"fr-CA"},{"@type":"Organization","@id":"https:\/\/teamsters.ca\/fr\/#organization","name":"Teamsters Canada","url":"https:\/\/teamsters.ca\/fr\/","logo":{"@type":"ImageObject","inLanguage":"fr-CA","@id":"https:\/\/teamsters.ca\/fr\/#\/schema\/logo\/image\/","url":"https:\/\/teamsters.ca\/wp-content\/uploads\/2019\/08\/TeamstersCanada.png","contentUrl":"https:\/\/teamsters.ca\/wp-content\/uploads\/2019\/08\/TeamstersCanada.png","width":545,"height":181,"caption":"Teamsters Canada"},"image":{"@id":"https:\/\/teamsters.ca\/fr\/#\/schema\/logo\/image\/"},"sameAs":["https:\/\/www.facebook.com\/Teamsterscanada\/","https:\/\/x.com\/TeamstersCanada"]},{"@type":"Person","@id":"https:\/\/teamsters.ca\/fr\/#\/schema\/person\/3e6ffefc39fe2f212400b7d8d0a4a0c1","name":"St\u00e9phanie Meunier","image":{"@type":"ImageObject","inLanguage":"fr-CA","@id":"https:\/\/teamsters.ca\/fr\/#\/schema\/person\/image\/","url":"https:\/\/secure.gravatar.com\/avatar\/e4e8404e91ed71cb473fa2708849669810cf083c89825a3d2dd0d47dd6b2be77?s=96&d=mm&r=g","contentUrl":"https:\/\/secure.gravatar.com\/avatar\/e4e8404e91ed71cb473fa2708849669810cf083c89825a3d2dd0d47dd6b2be77?s=96&d=mm&r=g","caption":"St\u00e9phanie Meunier"},"url":"https:\/\/teamsters.ca\/fr\/blog\/author\/smeunier\/"}]}},"_links":{"self":[{"href":"https:\/\/teamsters.ca\/fr\/wp-json\/wp\/v2\/posts\/13528","targetHints":{"allow":["GET"]}}],"collection":[{"href":"https:\/\/teamsters.ca\/fr\/wp-json\/wp\/v2\/posts"}],"about":[{"href":"https:\/\/teamsters.ca\/fr\/wp-json\/wp\/v2\/types\/post"}],"author":[{"embeddable":true,"href":"https:\/\/teamsters.ca\/fr\/wp-json\/wp\/v2\/users\/8"}],"replies":[{"embeddable":true,"href":"https:\/\/teamsters.ca\/fr\/wp-json\/wp\/v2\/comments?post=13528"}],"version-history":[{"count":2,"href":"https:\/\/teamsters.ca\/fr\/wp-json\/wp\/v2\/posts\/13528\/revisions"}],"predecessor-version":[{"id":13530,"href":"https:\/\/teamsters.ca\/fr\/wp-json\/wp\/v2\/posts\/13528\/revisions\/13530"}],"wp:featuredmedia":[{"embeddable":true,"href":"https:\/\/teamsters.ca\/fr\/wp-json\/wp\/v2\/media\/14253"}],"wp:attachment":[{"href":"https:\/\/teamsters.ca\/fr\/wp-json\/wp\/v2\/media?parent=13528"}],"wp:term":[{"taxonomy":"category","embeddable":true,"href":"https:\/\/teamsters.ca\/fr\/wp-json\/wp\/v2\/categories?post=13528"},{"taxonomy":"post_tag","embeddable":true,"href":"https:\/\/teamsters.ca\/fr\/wp-json\/wp\/v2\/tags?post=13528"}],"curies":[{"name":"wp","href":"https:\/\/api.w.org\/{rel}","templated":true}]}}