{"id":1332,"date":"2015-03-10T22:20:36","date_gmt":"2015-03-11T02:20:36","guid":{"rendered":"http:\/\/teamsters.ca\/?p=1332"},"modified":"2019-06-27T20:39:40","modified_gmt":"2019-06-27T20:39:40","slug":"les-delegues-syndicaux-au-coeur-du-syndicat","status":"publish","type":"post","link":"https:\/\/teamsters.ca\/fr\/blog\/2015\/03\/10\/les-delegues-syndicaux-au-coeur-du-syndicat\/","title":{"rendered":"Les d\u00e9l\u00e9gu\u00e9s syndicaux, au c\u0153ur du syndicat"},"content":{"rendered":"<p><strong>Dur\u00e9e du cours :<\/strong>  2 jours<\/p>\n<p><strong>Cours pr\u00e9alables :<\/strong>  Aucun cours pr\u00e9alable n\u2019est requis pour s\u2019inscrire.<\/p>\n<p><strong>Description :<\/strong>  Ce cours s\u2019adresse aux d\u00e9l\u00e9gu\u00e9s syndicaux nouvellement \u00e9lus.<\/p>\n<p>Ce cours a pour but d\u2019aider les d\u00e9l\u00e9gu\u00e9s syndicaux \u00e0 mobiliser, informer et d\u00e9fendre nos membres, et plus pr\u00e9cis\u00e9ment \u00e0 :<\/p>\n<ul>\n<li>D\u00e9terminer les r\u00f4les et les ressources du d\u00e9l\u00e9gu\u00e9 syndical<\/li>\n<li>D\u00e9finir comment r\u00e9gler un probl\u00e8me (processus d\u2019enqu\u00eate, proc\u00e9dure de traitement de griefs et mobilisation du membre)<\/li>\n<li>D\u00e9velopper des habilet\u00e9s pour affronter la direction<\/li>\n<li>Montrer comment discuter du syndicat et susciter le sentiment d\u2019appartenance des membres<\/li>\n<\/ul>\n<p><strong>Inscription :<\/strong>  Si vous voulez suivre un cours, communiquez avec votre <a title=\"Sections locales\" href=\"https:\/\/teamsters.ca\/fr\/sections-locales-old\/\">section locale<\/a> pour obtenir des pr\u00e9cisions sur dates et les places disponibles.<\/p>\n","protected":false},"excerpt":{"rendered":"<p>Dur\u00e9e du cours : 2 jours<br \/>\nCe cours s\u2019adresse aux d\u00e9l\u00e9gu\u00e9s syndicaux nouvellement \u00e9lus.<\/p>\n","protected":false},"author":8,"featured_media":0,"comment_status":"closed","ping_status":"closed","sticky":false,"template":"","format":"standard","meta":{"ngg_post_thumbnail":0,"mc4wp_mailchimp_campaign":[],"footnotes":""},"categories":[1111,1105,1114],"tags":[],"class_list":{"0":"post-1332","1":"post","2":"type-post","3":"status-publish","4":"format-standard","6":"category-delegues-syndicaux","7":"category-education-et-formation","8":"category-nouvelles"},"yoast_head":"<!-- This site is optimized with the Yoast SEO Premium plugin v25.5 (Yoast SEO v25.5) - https:\/\/yoast.com\/wordpress\/plugins\/seo\/ -->\n<title>Les d\u00e9l\u00e9gu\u00e9s syndicaux, au c\u0153ur du syndicat | Teamsters Canada<\/title>\n<meta name=\"robots\" content=\"index, follow, max-snippet:-1, max-image-preview:large, max-video-preview:-1\" \/>\n<link rel=\"canonical\" href=\"https:\/\/teamsters.ca\/fr\/blog\/2015\/03\/10\/les-delegues-syndicaux-au-coeur-du-syndicat\/\" \/>\n<meta property=\"og:locale\" content=\"fr_CA\" \/>\n<meta property=\"og:type\" content=\"article\" \/>\n<meta property=\"og:title\" content=\"Les d\u00e9l\u00e9gu\u00e9s syndicaux, au c\u0153ur du syndicat\" \/>\n<meta property=\"og:description\" content=\"Dur\u00e9e du cours : 2 jours Ce cours s\u2019adresse aux d\u00e9l\u00e9gu\u00e9s syndicaux nouvellement \u00e9lus.\" \/>\n<meta property=\"og:url\" content=\"https:\/\/teamsters.ca\/fr\/blog\/2015\/03\/10\/les-delegues-syndicaux-au-coeur-du-syndicat\/\" \/>\n<meta property=\"og:site_name\" content=\"Teamsters Canada\" \/>\n<meta property=\"article:publisher\" content=\"https:\/\/www.facebook.com\/Teamsterscanada\/\" \/>\n<meta property=\"article:published_time\" content=\"2015-03-11T02:20:36+00:00\" \/>\n<meta property=\"article:modified_time\" content=\"2019-06-27T20:39:40+00:00\" \/>\n<meta name=\"author\" content=\"St\u00e9phanie Meunier\" \/>\n<meta name=\"twitter:card\" content=\"summary_large_image\" \/>\n<meta name=\"twitter:creator\" content=\"@TeamstersCanada\" \/>\n<meta name=\"twitter:site\" content=\"@TeamstersCanada\" \/>\n<meta name=\"twitter:label1\" content=\"\u00c9crit par\" \/>\n\t<meta name=\"twitter:data1\" content=\"St\u00e9phanie Meunier\" \/>\n\t<meta name=\"twitter:label2\" content=\"Estimation du temps de lecture\" \/>\n\t<meta name=\"twitter:data2\" content=\"1 minute\" \/>\n<script type=\"application\/ld+json\" class=\"yoast-schema-graph\">{\"@context\":\"https:\/\/schema.org\",\"@graph\":[{\"@type\":\"Article\",\"@id\":\"https:\/\/teamsters.ca\/fr\/blog\/2015\/03\/10\/les-delegues-syndicaux-au-coeur-du-syndicat\/#article\",\"isPartOf\":{\"@id\":\"https:\/\/teamsters.ca\/fr\/blog\/2015\/03\/10\/les-delegues-syndicaux-au-coeur-du-syndicat\/\"},\"author\":{\"name\":\"St\u00e9phanie Meunier\",\"@id\":\"https:\/\/teamsters.ca\/fr\/#\/schema\/person\/3e6ffefc39fe2f212400b7d8d0a4a0c1\"},\"headline\":\"Les d\u00e9l\u00e9gu\u00e9s syndicaux, au c\u0153ur du syndicat\",\"datePublished\":\"2015-03-11T02:20:36+00:00\",\"dateModified\":\"2019-06-27T20:39:40+00:00\",\"mainEntityOfPage\":{\"@id\":\"https:\/\/teamsters.ca\/fr\/blog\/2015\/03\/10\/les-delegues-syndicaux-au-coeur-du-syndicat\/\"},\"wordCount\":147,\"publisher\":{\"@id\":\"https:\/\/teamsters.ca\/fr\/#organization\"},\"articleSection\":[\"D\u00e9l\u00e9gu\u00e9s syndicaux\",\"\u00c9ducation et formation\",\"Nouvelles\"],\"inLanguage\":\"fr-CA\"},{\"@type\":\"WebPage\",\"@id\":\"https:\/\/teamsters.ca\/fr\/blog\/2015\/03\/10\/les-delegues-syndicaux-au-coeur-du-syndicat\/\",\"url\":\"https:\/\/teamsters.ca\/fr\/blog\/2015\/03\/10\/les-delegues-syndicaux-au-coeur-du-syndicat\/\",\"name\":\"Les d\u00e9l\u00e9gu\u00e9s syndicaux, au c\u0153ur du syndicat | Teamsters Canada\",\"isPartOf\":{\"@id\":\"https:\/\/teamsters.ca\/fr\/#website\"},\"datePublished\":\"2015-03-11T02:20:36+00:00\",\"dateModified\":\"2019-06-27T20:39:40+00:00\",\"breadcrumb\":{\"@id\":\"https:\/\/teamsters.ca\/fr\/blog\/2015\/03\/10\/les-delegues-syndicaux-au-coeur-du-syndicat\/#breadcrumb\"},\"inLanguage\":\"fr-CA\",\"potentialAction\":[{\"@type\":\"ReadAction\",\"target\":[\"https:\/\/teamsters.ca\/fr\/blog\/2015\/03\/10\/les-delegues-syndicaux-au-coeur-du-syndicat\/\"]}]},{\"@type\":\"BreadcrumbList\",\"@id\":\"https:\/\/teamsters.ca\/fr\/blog\/2015\/03\/10\/les-delegues-syndicaux-au-coeur-du-syndicat\/#breadcrumb\",\"itemListElement\":[{\"@type\":\"ListItem\",\"position\":1,\"name\":\"Home\",\"item\":\"https:\/\/teamsters.ca\/fr\/\"},{\"@type\":\"ListItem\",\"position\":2,\"name\":\"Les d\u00e9l\u00e9gu\u00e9s syndicaux, au c\u0153ur du syndicat\"}]},{\"@type\":\"WebSite\",\"@id\":\"https:\/\/teamsters.ca\/fr\/#website\",\"url\":\"https:\/\/teamsters.ca\/fr\/\",\"name\":\"Teamsters Canada\",\"description\":\"A Canadian union representing over 125 000 members\",\"publisher\":{\"@id\":\"https:\/\/teamsters.ca\/fr\/#organization\"},\"potentialAction\":[{\"@type\":\"SearchAction\",\"target\":{\"@type\":\"EntryPoint\",\"urlTemplate\":\"https:\/\/teamsters.ca\/fr\/?s={search_term_string}\"},\"query-input\":{\"@type\":\"PropertyValueSpecification\",\"valueRequired\":true,\"valueName\":\"search_term_string\"}}],\"inLanguage\":\"fr-CA\"},{\"@type\":\"Organization\",\"@id\":\"https:\/\/teamsters.ca\/fr\/#organization\",\"name\":\"Teamsters Canada\",\"url\":\"https:\/\/teamsters.ca\/fr\/\",\"logo\":{\"@type\":\"ImageObject\",\"inLanguage\":\"fr-CA\",\"@id\":\"https:\/\/teamsters.ca\/fr\/#\/schema\/logo\/image\/\",\"url\":\"https:\/\/teamsters.ca\/wp-content\/uploads\/2019\/08\/TeamstersCanada.png\",\"contentUrl\":\"https:\/\/teamsters.ca\/wp-content\/uploads\/2019\/08\/TeamstersCanada.png\",\"width\":545,\"height\":181,\"caption\":\"Teamsters Canada\"},\"image\":{\"@id\":\"https:\/\/teamsters.ca\/fr\/#\/schema\/logo\/image\/\"},\"sameAs\":[\"https:\/\/www.facebook.com\/Teamsterscanada\/\",\"https:\/\/x.com\/TeamstersCanada\"]},{\"@type\":\"Person\",\"@id\":\"https:\/\/teamsters.ca\/fr\/#\/schema\/person\/3e6ffefc39fe2f212400b7d8d0a4a0c1\",\"name\":\"St\u00e9phanie Meunier\",\"image\":{\"@type\":\"ImageObject\",\"inLanguage\":\"fr-CA\",\"@id\":\"https:\/\/teamsters.ca\/fr\/#\/schema\/person\/image\/\",\"url\":\"https:\/\/secure.gravatar.com\/avatar\/e4e8404e91ed71cb473fa2708849669810cf083c89825a3d2dd0d47dd6b2be77?s=96&d=mm&r=g\",\"contentUrl\":\"https:\/\/secure.gravatar.com\/avatar\/e4e8404e91ed71cb473fa2708849669810cf083c89825a3d2dd0d47dd6b2be77?s=96&d=mm&r=g\",\"caption\":\"St\u00e9phanie Meunier\"},\"url\":\"https:\/\/teamsters.ca\/fr\/blog\/author\/smeunier\/\"}]}<\/script>\n<!-- \/ Yoast SEO Premium plugin. -->","yoast_head_json":{"title":"Les d\u00e9l\u00e9gu\u00e9s syndicaux, au c\u0153ur du syndicat | Teamsters Canada","robots":{"index":"index","follow":"follow","max-snippet":"max-snippet:-1","max-image-preview":"max-image-preview:large","max-video-preview":"max-video-preview:-1"},"canonical":"https:\/\/teamsters.ca\/fr\/blog\/2015\/03\/10\/les-delegues-syndicaux-au-coeur-du-syndicat\/","og_locale":"fr_CA","og_type":"article","og_title":"Les d\u00e9l\u00e9gu\u00e9s syndicaux, au c\u0153ur du syndicat","og_description":"Dur\u00e9e du cours : 2 jours Ce cours s\u2019adresse aux d\u00e9l\u00e9gu\u00e9s syndicaux nouvellement \u00e9lus.","og_url":"https:\/\/teamsters.ca\/fr\/blog\/2015\/03\/10\/les-delegues-syndicaux-au-coeur-du-syndicat\/","og_site_name":"Teamsters Canada","article_publisher":"https:\/\/www.facebook.com\/Teamsterscanada\/","article_published_time":"2015-03-11T02:20:36+00:00","article_modified_time":"2019-06-27T20:39:40+00:00","author":"St\u00e9phanie Meunier","twitter_card":"summary_large_image","twitter_creator":"@TeamstersCanada","twitter_site":"@TeamstersCanada","twitter_misc":{"\u00c9crit par":"St\u00e9phanie Meunier","Estimation du temps de lecture":"1 minute"},"schema":{"@context":"https:\/\/schema.org","@graph":[{"@type":"Article","@id":"https:\/\/teamsters.ca\/fr\/blog\/2015\/03\/10\/les-delegues-syndicaux-au-coeur-du-syndicat\/#article","isPartOf":{"@id":"https:\/\/teamsters.ca\/fr\/blog\/2015\/03\/10\/les-delegues-syndicaux-au-coeur-du-syndicat\/"},"author":{"name":"St\u00e9phanie Meunier","@id":"https:\/\/teamsters.ca\/fr\/#\/schema\/person\/3e6ffefc39fe2f212400b7d8d0a4a0c1"},"headline":"Les d\u00e9l\u00e9gu\u00e9s syndicaux, au c\u0153ur du syndicat","datePublished":"2015-03-11T02:20:36+00:00","dateModified":"2019-06-27T20:39:40+00:00","mainEntityOfPage":{"@id":"https:\/\/teamsters.ca\/fr\/blog\/2015\/03\/10\/les-delegues-syndicaux-au-coeur-du-syndicat\/"},"wordCount":147,"publisher":{"@id":"https:\/\/teamsters.ca\/fr\/#organization"},"articleSection":["D\u00e9l\u00e9gu\u00e9s syndicaux","\u00c9ducation et formation","Nouvelles"],"inLanguage":"fr-CA"},{"@type":"WebPage","@id":"https:\/\/teamsters.ca\/fr\/blog\/2015\/03\/10\/les-delegues-syndicaux-au-coeur-du-syndicat\/","url":"https:\/\/teamsters.ca\/fr\/blog\/2015\/03\/10\/les-delegues-syndicaux-au-coeur-du-syndicat\/","name":"Les d\u00e9l\u00e9gu\u00e9s syndicaux, au c\u0153ur du syndicat | Teamsters Canada","isPartOf":{"@id":"https:\/\/teamsters.ca\/fr\/#website"},"datePublished":"2015-03-11T02:20:36+00:00","dateModified":"2019-06-27T20:39:40+00:00","breadcrumb":{"@id":"https:\/\/teamsters.ca\/fr\/blog\/2015\/03\/10\/les-delegues-syndicaux-au-coeur-du-syndicat\/#breadcrumb"},"inLanguage":"fr-CA","potentialAction":[{"@type":"ReadAction","target":["https:\/\/teamsters.ca\/fr\/blog\/2015\/03\/10\/les-delegues-syndicaux-au-coeur-du-syndicat\/"]}]},{"@type":"BreadcrumbList","@id":"https:\/\/teamsters.ca\/fr\/blog\/2015\/03\/10\/les-delegues-syndicaux-au-coeur-du-syndicat\/#breadcrumb","itemListElement":[{"@type":"ListItem","position":1,"name":"Home","item":"https:\/\/teamsters.ca\/fr\/"},{"@type":"ListItem","position":2,"name":"Les d\u00e9l\u00e9gu\u00e9s syndicaux, au c\u0153ur du syndicat"}]},{"@type":"WebSite","@id":"https:\/\/teamsters.ca\/fr\/#website","url":"https:\/\/teamsters.ca\/fr\/","name":"Teamsters Canada","description":"A Canadian union representing over 125 000 members","publisher":{"@id":"https:\/\/teamsters.ca\/fr\/#organization"},"potentialAction":[{"@type":"SearchAction","target":{"@type":"EntryPoint","urlTemplate":"https:\/\/teamsters.ca\/fr\/?s={search_term_string}"},"query-input":{"@type":"PropertyValueSpecification","valueRequired":true,"valueName":"search_term_string"}}],"inLanguage":"fr-CA"},{"@type":"Organization","@id":"https:\/\/teamsters.ca\/fr\/#organization","name":"Teamsters Canada","url":"https:\/\/teamsters.ca\/fr\/","logo":{"@type":"ImageObject","inLanguage":"fr-CA","@id":"https:\/\/teamsters.ca\/fr\/#\/schema\/logo\/image\/","url":"https:\/\/teamsters.ca\/wp-content\/uploads\/2019\/08\/TeamstersCanada.png","contentUrl":"https:\/\/teamsters.ca\/wp-content\/uploads\/2019\/08\/TeamstersCanada.png","width":545,"height":181,"caption":"Teamsters Canada"},"image":{"@id":"https:\/\/teamsters.ca\/fr\/#\/schema\/logo\/image\/"},"sameAs":["https:\/\/www.facebook.com\/Teamsterscanada\/","https:\/\/x.com\/TeamstersCanada"]},{"@type":"Person","@id":"https:\/\/teamsters.ca\/fr\/#\/schema\/person\/3e6ffefc39fe2f212400b7d8d0a4a0c1","name":"St\u00e9phanie Meunier","image":{"@type":"ImageObject","inLanguage":"fr-CA","@id":"https:\/\/teamsters.ca\/fr\/#\/schema\/person\/image\/","url":"https:\/\/secure.gravatar.com\/avatar\/e4e8404e91ed71cb473fa2708849669810cf083c89825a3d2dd0d47dd6b2be77?s=96&d=mm&r=g","contentUrl":"https:\/\/secure.gravatar.com\/avatar\/e4e8404e91ed71cb473fa2708849669810cf083c89825a3d2dd0d47dd6b2be77?s=96&d=mm&r=g","caption":"St\u00e9phanie Meunier"},"url":"https:\/\/teamsters.ca\/fr\/blog\/author\/smeunier\/"}]}},"_links":{"self":[{"href":"https:\/\/teamsters.ca\/fr\/wp-json\/wp\/v2\/posts\/1332","targetHints":{"allow":["GET"]}}],"collection":[{"href":"https:\/\/teamsters.ca\/fr\/wp-json\/wp\/v2\/posts"}],"about":[{"href":"https:\/\/teamsters.ca\/fr\/wp-json\/wp\/v2\/types\/post"}],"author":[{"embeddable":true,"href":"https:\/\/teamsters.ca\/fr\/wp-json\/wp\/v2\/users\/8"}],"replies":[{"embeddable":true,"href":"https:\/\/teamsters.ca\/fr\/wp-json\/wp\/v2\/comments?post=1332"}],"version-history":[{"count":1,"href":"https:\/\/teamsters.ca\/fr\/wp-json\/wp\/v2\/posts\/1332\/revisions"}],"predecessor-version":[{"id":10365,"href":"https:\/\/teamsters.ca\/fr\/wp-json\/wp\/v2\/posts\/1332\/revisions\/10365"}],"wp:attachment":[{"href":"https:\/\/teamsters.ca\/fr\/wp-json\/wp\/v2\/media?parent=1332"}],"wp:term":[{"taxonomy":"category","embeddable":true,"href":"https:\/\/teamsters.ca\/fr\/wp-json\/wp\/v2\/categories?post=1332"},{"taxonomy":"post_tag","embeddable":true,"href":"https:\/\/teamsters.ca\/fr\/wp-json\/wp\/v2\/tags?post=1332"}],"curies":[{"name":"wp","href":"https:\/\/api.w.org\/{rel}","templated":true}]}}