{"id":1303,"date":"2015-03-10T21:50:00","date_gmt":"2015-03-11T01:50:00","guid":{"rendered":"http:\/\/teamsters.ca\/?p=1303"},"modified":"2019-06-27T20:39:41","modified_gmt":"2019-06-27T20:39:41","slug":"comment-gerer-les-relations-avec-les-medias","status":"publish","type":"post","link":"https:\/\/teamsters.ca\/fr\/blog\/2015\/03\/10\/comment-gerer-les-relations-avec-les-medias\/","title":{"rendered":"Comment g\u00e9rer les relations avec les m\u00e9dias"},"content":{"rendered":"<p><strong>Dur\u00e9e du cours :<\/strong>  2 jours<\/p>\n<p><strong>Description :<\/strong>  Ce cours s\u2019adresse aux porte-parole des Sections locales et aux repr\u00e9sentants pouvant \u00eatre appel\u00e9s \u00e0 interagir avec des journalistes.<\/p>\n<p>Ce cours a pour but d\u2019aider les dirigeants syndicaux \u00e0 parler aux journalistes et \u00e0 orienter le message. Plus pr\u00e9cis\u00e9ment, il vise \u00e0 :<\/p>\n<ul>\n<li>D\u00e9velopper les aptitudes permettant de discuter avec un journaliste<\/li>\n<li>Montrer comment ma\u00eetriser les divers moyens de communication :\n<ul>\n<li>communiqu\u00e9 de presse<\/li>\n<li>conf\u00e9rence de presse<\/li>\n<li>entrevue<\/li>\n<li>courrier des lecteurs<\/li>\n<li>tribune t\u00e9l\u00e9phonique<\/li>\n<li>m\u00e9dias sociaux<\/li>\n<\/ul>\n<\/li>\n<li>Montrer comment \u00e9laborer une strat\u00e9gie de communication<\/li>\n<\/ul>\n<p><strong>Inscription :<\/strong>  Si vous voulez suivre un cours, communiquez avec votre <a title=\"Sections locales\" href=\"https:\/\/teamsters.ca\/fr\/sections-locales-old\/\">section locale<\/a> pour obtenir des pr\u00e9cisions sur dates et les places disponibles.<\/p>\n","protected":false},"excerpt":{"rendered":"<p>Dur\u00e9e du cours : 2 jours<br \/>\nCe cours s\u2019adresse aux porte-parole des Sections locales et aux repr\u00e9sentants pouvant \u00eatre appel\u00e9s \u00e0 interagir avec des journalistes.<\/p>\n","protected":false},"author":8,"featured_media":0,"comment_status":"closed","ping_status":"closed","sticky":false,"template":"","format":"standard","meta":{"ngg_post_thumbnail":0,"mc4wp_mailchimp_campaign":[],"footnotes":""},"categories":[1105,1114,1109],"tags":[],"class_list":{"0":"post-1303","1":"post","2":"type-post","3":"status-publish","4":"format-standard","6":"category-education-et-formation","7":"category-nouvelles","8":"category-relations-avec-les-medias"},"yoast_head":"<!-- This site is optimized with the Yoast SEO Premium plugin v25.5 (Yoast SEO v25.5) - https:\/\/yoast.com\/wordpress\/plugins\/seo\/ -->\n<title>Comment g\u00e9rer les relations avec les m\u00e9dias | Teamsters Canada<\/title>\n<meta name=\"robots\" content=\"index, follow, max-snippet:-1, max-image-preview:large, max-video-preview:-1\" \/>\n<link rel=\"canonical\" href=\"https:\/\/teamsters.ca\/fr\/blog\/2015\/03\/10\/comment-gerer-les-relations-avec-les-medias\/\" \/>\n<meta property=\"og:locale\" content=\"fr_CA\" \/>\n<meta property=\"og:type\" content=\"article\" \/>\n<meta property=\"og:title\" content=\"Comment g\u00e9rer les relations avec les m\u00e9dias\" \/>\n<meta property=\"og:description\" content=\"Dur\u00e9e du cours : 2 jours Ce cours s\u2019adresse aux porte-parole des Sections locales et aux repr\u00e9sentants pouvant \u00eatre appel\u00e9s \u00e0 interagir avec des journalistes.\" \/>\n<meta property=\"og:url\" content=\"https:\/\/teamsters.ca\/fr\/blog\/2015\/03\/10\/comment-gerer-les-relations-avec-les-medias\/\" \/>\n<meta property=\"og:site_name\" content=\"Teamsters Canada\" \/>\n<meta property=\"article:publisher\" content=\"https:\/\/www.facebook.com\/Teamsterscanada\/\" \/>\n<meta property=\"article:published_time\" content=\"2015-03-11T01:50:00+00:00\" \/>\n<meta property=\"article:modified_time\" content=\"2019-06-27T20:39:41+00:00\" \/>\n<meta name=\"author\" content=\"St\u00e9phanie Meunier\" \/>\n<meta name=\"twitter:card\" content=\"summary_large_image\" \/>\n<meta name=\"twitter:creator\" content=\"@TeamstersCanada\" \/>\n<meta name=\"twitter:site\" content=\"@TeamstersCanada\" \/>\n<meta name=\"twitter:label1\" content=\"\u00c9crit par\" \/>\n\t<meta name=\"twitter:data1\" content=\"St\u00e9phanie Meunier\" \/>\n\t<meta name=\"twitter:label2\" content=\"Estimation du temps de lecture\" \/>\n\t<meta name=\"twitter:data2\" content=\"1 minute\" \/>\n<script type=\"application\/ld+json\" class=\"yoast-schema-graph\">{\"@context\":\"https:\/\/schema.org\",\"@graph\":[{\"@type\":\"Article\",\"@id\":\"https:\/\/teamsters.ca\/fr\/blog\/2015\/03\/10\/comment-gerer-les-relations-avec-les-medias\/#article\",\"isPartOf\":{\"@id\":\"https:\/\/teamsters.ca\/fr\/blog\/2015\/03\/10\/comment-gerer-les-relations-avec-les-medias\/\"},\"author\":{\"name\":\"St\u00e9phanie Meunier\",\"@id\":\"https:\/\/teamsters.ca\/fr\/#\/schema\/person\/3e6ffefc39fe2f212400b7d8d0a4a0c1\"},\"headline\":\"Comment g\u00e9rer les relations avec les m\u00e9dias\",\"datePublished\":\"2015-03-11T01:50:00+00:00\",\"dateModified\":\"2019-06-27T20:39:41+00:00\",\"mainEntityOfPage\":{\"@id\":\"https:\/\/teamsters.ca\/fr\/blog\/2015\/03\/10\/comment-gerer-les-relations-avec-les-medias\/\"},\"wordCount\":127,\"publisher\":{\"@id\":\"https:\/\/teamsters.ca\/fr\/#organization\"},\"articleSection\":[\"\u00c9ducation et formation\",\"Nouvelles\",\"Relations avec les m\u00e9dias\"],\"inLanguage\":\"fr-CA\"},{\"@type\":\"WebPage\",\"@id\":\"https:\/\/teamsters.ca\/fr\/blog\/2015\/03\/10\/comment-gerer-les-relations-avec-les-medias\/\",\"url\":\"https:\/\/teamsters.ca\/fr\/blog\/2015\/03\/10\/comment-gerer-les-relations-avec-les-medias\/\",\"name\":\"Comment g\u00e9rer les relations avec les m\u00e9dias | Teamsters Canada\",\"isPartOf\":{\"@id\":\"https:\/\/teamsters.ca\/fr\/#website\"},\"datePublished\":\"2015-03-11T01:50:00+00:00\",\"dateModified\":\"2019-06-27T20:39:41+00:00\",\"breadcrumb\":{\"@id\":\"https:\/\/teamsters.ca\/fr\/blog\/2015\/03\/10\/comment-gerer-les-relations-avec-les-medias\/#breadcrumb\"},\"inLanguage\":\"fr-CA\",\"potentialAction\":[{\"@type\":\"ReadAction\",\"target\":[\"https:\/\/teamsters.ca\/fr\/blog\/2015\/03\/10\/comment-gerer-les-relations-avec-les-medias\/\"]}]},{\"@type\":\"BreadcrumbList\",\"@id\":\"https:\/\/teamsters.ca\/fr\/blog\/2015\/03\/10\/comment-gerer-les-relations-avec-les-medias\/#breadcrumb\",\"itemListElement\":[{\"@type\":\"ListItem\",\"position\":1,\"name\":\"Home\",\"item\":\"https:\/\/teamsters.ca\/fr\/\"},{\"@type\":\"ListItem\",\"position\":2,\"name\":\"Comment g\u00e9rer les relations avec les m\u00e9dias\"}]},{\"@type\":\"WebSite\",\"@id\":\"https:\/\/teamsters.ca\/fr\/#website\",\"url\":\"https:\/\/teamsters.ca\/fr\/\",\"name\":\"Teamsters Canada\",\"description\":\"A Canadian union representing over 125 000 members\",\"publisher\":{\"@id\":\"https:\/\/teamsters.ca\/fr\/#organization\"},\"potentialAction\":[{\"@type\":\"SearchAction\",\"target\":{\"@type\":\"EntryPoint\",\"urlTemplate\":\"https:\/\/teamsters.ca\/fr\/?s={search_term_string}\"},\"query-input\":{\"@type\":\"PropertyValueSpecification\",\"valueRequired\":true,\"valueName\":\"search_term_string\"}}],\"inLanguage\":\"fr-CA\"},{\"@type\":\"Organization\",\"@id\":\"https:\/\/teamsters.ca\/fr\/#organization\",\"name\":\"Teamsters Canada\",\"url\":\"https:\/\/teamsters.ca\/fr\/\",\"logo\":{\"@type\":\"ImageObject\",\"inLanguage\":\"fr-CA\",\"@id\":\"https:\/\/teamsters.ca\/fr\/#\/schema\/logo\/image\/\",\"url\":\"https:\/\/teamsters.ca\/wp-content\/uploads\/2019\/08\/TeamstersCanada.png\",\"contentUrl\":\"https:\/\/teamsters.ca\/wp-content\/uploads\/2019\/08\/TeamstersCanada.png\",\"width\":545,\"height\":181,\"caption\":\"Teamsters Canada\"},\"image\":{\"@id\":\"https:\/\/teamsters.ca\/fr\/#\/schema\/logo\/image\/\"},\"sameAs\":[\"https:\/\/www.facebook.com\/Teamsterscanada\/\",\"https:\/\/x.com\/TeamstersCanada\"]},{\"@type\":\"Person\",\"@id\":\"https:\/\/teamsters.ca\/fr\/#\/schema\/person\/3e6ffefc39fe2f212400b7d8d0a4a0c1\",\"name\":\"St\u00e9phanie Meunier\",\"image\":{\"@type\":\"ImageObject\",\"inLanguage\":\"fr-CA\",\"@id\":\"https:\/\/teamsters.ca\/fr\/#\/schema\/person\/image\/\",\"url\":\"https:\/\/secure.gravatar.com\/avatar\/e4e8404e91ed71cb473fa2708849669810cf083c89825a3d2dd0d47dd6b2be77?s=96&d=mm&r=g\",\"contentUrl\":\"https:\/\/secure.gravatar.com\/avatar\/e4e8404e91ed71cb473fa2708849669810cf083c89825a3d2dd0d47dd6b2be77?s=96&d=mm&r=g\",\"caption\":\"St\u00e9phanie Meunier\"},\"url\":\"https:\/\/teamsters.ca\/fr\/blog\/author\/smeunier\/\"}]}<\/script>\n<!-- \/ Yoast SEO Premium plugin. -->","yoast_head_json":{"title":"Comment g\u00e9rer les relations avec les m\u00e9dias | Teamsters Canada","robots":{"index":"index","follow":"follow","max-snippet":"max-snippet:-1","max-image-preview":"max-image-preview:large","max-video-preview":"max-video-preview:-1"},"canonical":"https:\/\/teamsters.ca\/fr\/blog\/2015\/03\/10\/comment-gerer-les-relations-avec-les-medias\/","og_locale":"fr_CA","og_type":"article","og_title":"Comment g\u00e9rer les relations avec les m\u00e9dias","og_description":"Dur\u00e9e du cours : 2 jours Ce cours s\u2019adresse aux porte-parole des Sections locales et aux repr\u00e9sentants pouvant \u00eatre appel\u00e9s \u00e0 interagir avec des journalistes.","og_url":"https:\/\/teamsters.ca\/fr\/blog\/2015\/03\/10\/comment-gerer-les-relations-avec-les-medias\/","og_site_name":"Teamsters Canada","article_publisher":"https:\/\/www.facebook.com\/Teamsterscanada\/","article_published_time":"2015-03-11T01:50:00+00:00","article_modified_time":"2019-06-27T20:39:41+00:00","author":"St\u00e9phanie Meunier","twitter_card":"summary_large_image","twitter_creator":"@TeamstersCanada","twitter_site":"@TeamstersCanada","twitter_misc":{"\u00c9crit par":"St\u00e9phanie Meunier","Estimation du temps de lecture":"1 minute"},"schema":{"@context":"https:\/\/schema.org","@graph":[{"@type":"Article","@id":"https:\/\/teamsters.ca\/fr\/blog\/2015\/03\/10\/comment-gerer-les-relations-avec-les-medias\/#article","isPartOf":{"@id":"https:\/\/teamsters.ca\/fr\/blog\/2015\/03\/10\/comment-gerer-les-relations-avec-les-medias\/"},"author":{"name":"St\u00e9phanie Meunier","@id":"https:\/\/teamsters.ca\/fr\/#\/schema\/person\/3e6ffefc39fe2f212400b7d8d0a4a0c1"},"headline":"Comment g\u00e9rer les relations avec les m\u00e9dias","datePublished":"2015-03-11T01:50:00+00:00","dateModified":"2019-06-27T20:39:41+00:00","mainEntityOfPage":{"@id":"https:\/\/teamsters.ca\/fr\/blog\/2015\/03\/10\/comment-gerer-les-relations-avec-les-medias\/"},"wordCount":127,"publisher":{"@id":"https:\/\/teamsters.ca\/fr\/#organization"},"articleSection":["\u00c9ducation et formation","Nouvelles","Relations avec les m\u00e9dias"],"inLanguage":"fr-CA"},{"@type":"WebPage","@id":"https:\/\/teamsters.ca\/fr\/blog\/2015\/03\/10\/comment-gerer-les-relations-avec-les-medias\/","url":"https:\/\/teamsters.ca\/fr\/blog\/2015\/03\/10\/comment-gerer-les-relations-avec-les-medias\/","name":"Comment g\u00e9rer les relations avec les m\u00e9dias | Teamsters Canada","isPartOf":{"@id":"https:\/\/teamsters.ca\/fr\/#website"},"datePublished":"2015-03-11T01:50:00+00:00","dateModified":"2019-06-27T20:39:41+00:00","breadcrumb":{"@id":"https:\/\/teamsters.ca\/fr\/blog\/2015\/03\/10\/comment-gerer-les-relations-avec-les-medias\/#breadcrumb"},"inLanguage":"fr-CA","potentialAction":[{"@type":"ReadAction","target":["https:\/\/teamsters.ca\/fr\/blog\/2015\/03\/10\/comment-gerer-les-relations-avec-les-medias\/"]}]},{"@type":"BreadcrumbList","@id":"https:\/\/teamsters.ca\/fr\/blog\/2015\/03\/10\/comment-gerer-les-relations-avec-les-medias\/#breadcrumb","itemListElement":[{"@type":"ListItem","position":1,"name":"Home","item":"https:\/\/teamsters.ca\/fr\/"},{"@type":"ListItem","position":2,"name":"Comment g\u00e9rer les relations avec les m\u00e9dias"}]},{"@type":"WebSite","@id":"https:\/\/teamsters.ca\/fr\/#website","url":"https:\/\/teamsters.ca\/fr\/","name":"Teamsters Canada","description":"A Canadian union representing over 125 000 members","publisher":{"@id":"https:\/\/teamsters.ca\/fr\/#organization"},"potentialAction":[{"@type":"SearchAction","target":{"@type":"EntryPoint","urlTemplate":"https:\/\/teamsters.ca\/fr\/?s={search_term_string}"},"query-input":{"@type":"PropertyValueSpecification","valueRequired":true,"valueName":"search_term_string"}}],"inLanguage":"fr-CA"},{"@type":"Organization","@id":"https:\/\/teamsters.ca\/fr\/#organization","name":"Teamsters Canada","url":"https:\/\/teamsters.ca\/fr\/","logo":{"@type":"ImageObject","inLanguage":"fr-CA","@id":"https:\/\/teamsters.ca\/fr\/#\/schema\/logo\/image\/","url":"https:\/\/teamsters.ca\/wp-content\/uploads\/2019\/08\/TeamstersCanada.png","contentUrl":"https:\/\/teamsters.ca\/wp-content\/uploads\/2019\/08\/TeamstersCanada.png","width":545,"height":181,"caption":"Teamsters Canada"},"image":{"@id":"https:\/\/teamsters.ca\/fr\/#\/schema\/logo\/image\/"},"sameAs":["https:\/\/www.facebook.com\/Teamsterscanada\/","https:\/\/x.com\/TeamstersCanada"]},{"@type":"Person","@id":"https:\/\/teamsters.ca\/fr\/#\/schema\/person\/3e6ffefc39fe2f212400b7d8d0a4a0c1","name":"St\u00e9phanie Meunier","image":{"@type":"ImageObject","inLanguage":"fr-CA","@id":"https:\/\/teamsters.ca\/fr\/#\/schema\/person\/image\/","url":"https:\/\/secure.gravatar.com\/avatar\/e4e8404e91ed71cb473fa2708849669810cf083c89825a3d2dd0d47dd6b2be77?s=96&d=mm&r=g","contentUrl":"https:\/\/secure.gravatar.com\/avatar\/e4e8404e91ed71cb473fa2708849669810cf083c89825a3d2dd0d47dd6b2be77?s=96&d=mm&r=g","caption":"St\u00e9phanie Meunier"},"url":"https:\/\/teamsters.ca\/fr\/blog\/author\/smeunier\/"}]}},"_links":{"self":[{"href":"https:\/\/teamsters.ca\/fr\/wp-json\/wp\/v2\/posts\/1303","targetHints":{"allow":["GET"]}}],"collection":[{"href":"https:\/\/teamsters.ca\/fr\/wp-json\/wp\/v2\/posts"}],"about":[{"href":"https:\/\/teamsters.ca\/fr\/wp-json\/wp\/v2\/types\/post"}],"author":[{"embeddable":true,"href":"https:\/\/teamsters.ca\/fr\/wp-json\/wp\/v2\/users\/8"}],"replies":[{"embeddable":true,"href":"https:\/\/teamsters.ca\/fr\/wp-json\/wp\/v2\/comments?post=1303"}],"version-history":[{"count":1,"href":"https:\/\/teamsters.ca\/fr\/wp-json\/wp\/v2\/posts\/1303\/revisions"}],"predecessor-version":[{"id":10378,"href":"https:\/\/teamsters.ca\/fr\/wp-json\/wp\/v2\/posts\/1303\/revisions\/10378"}],"wp:attachment":[{"href":"https:\/\/teamsters.ca\/fr\/wp-json\/wp\/v2\/media?parent=1303"}],"wp:term":[{"taxonomy":"category","embeddable":true,"href":"https:\/\/teamsters.ca\/fr\/wp-json\/wp\/v2\/categories?post=1303"},{"taxonomy":"post_tag","embeddable":true,"href":"https:\/\/teamsters.ca\/fr\/wp-json\/wp\/v2\/tags?post=1303"}],"curies":[{"name":"wp","href":"https:\/\/api.w.org\/{rel}","templated":true}]}}